{"id":8932,"date":"2017-04-14T06:10:56","date_gmt":"2017-04-14T11:10:56","guid":{"rendered":"http:\/\/www.levisurbain.ca\/?p=8932"},"modified":"2018-02-15T21:04:25","modified_gmt":"2018-02-16T02:04:25","slug":"traverse-de-levis-lescalier-gris-sera-demoli","status":"publish","type":"post","link":"https:\/\/www.levisurbain.ca\/?p=8932","title":{"rendered":"Traverse de L\u00e9vis : \u00ab L&rsquo;escalier gris \u00bb sera d\u00e9moli"},"content":{"rendered":"<p>Article de Rapha\u00ebl Beaumont-Drouin. <a href=\"http:\/\/www.lepeuplelevis.ca\" target=\"_blank\">Le Peuple L\u00e9vis<\/a>.<\/p>\n<div id=\"attachment_8934\" style=\"width: 510px\" class=\"wp-caption aligncenter\"><img loading=\"lazy\" decoding=\"async\" aria-describedby=\"caption-attachment-8934\" class=\"wp-image-8934 size-full\" src=\"http:\/\/www.levisurbain.ca\/wp-content\/uploads\/2017\/04\/escaleir_labadie_peuplelevis_14042017.jpg\" alt=\"C'est la fin pour l'escalier qui lie les rues Saint-Laurent et Despr\u00e8s. \u00a9Capture Google Maps\" width=\"500\" height=\"336\" srcset=\"https:\/\/www.levisurbain.ca\/wp-content\/uploads\/2017\/04\/escaleir_labadie_peuplelevis_14042017.jpg 500w, https:\/\/www.levisurbain.ca\/wp-content\/uploads\/2017\/04\/escaleir_labadie_peuplelevis_14042017-300x202.jpg 300w\" sizes=\"auto, (max-width: 500px) 100vw, 500px\" \/><p id=\"caption-attachment-8934\" class=\"wp-caption-text\">C&rsquo;est la fin pour l&rsquo;escalier qui lie les rues Saint-Laurent et Despr\u00e8s.<br \/>\u00a9 Capture Google Maps.<\/p><\/div>\n<blockquote><p><strong>L&rsquo;escalier Labadie, commun\u00e9ment appel\u00e9 \u00ab l&rsquo;escalier gris\u00bb sera d\u00e9moli cet \u00e9t\u00e9. La Ville annoncera un plan de remplacement mardi prochain, selon ce qu&rsquo;a appris TC Media Nouvelles.<\/strong>La structure de b\u00e9ton qui lie les rues Saint-Laurent et Despr\u00e8s sera d\u00e9truite afin que la ville proc\u00e8de \u00e0 des travaux dans les conduites sous celui-ci. La Ville de L\u00e9vis proc\u00e8dera \u00e0 une annonce mardi a ce sujet, pour l&rsquo;instant, un communiqu\u00e9 envoy\u00e9 jeudi indique qu&rsquo;il sera remplac\u00e9 par un \u00absentier pi\u00e9tonnier. \u00bb<\/p>\n<p>Le maire de L\u00e9vis Gilles Lehouillier n&rsquo;a jamais cach\u00e9 son d\u00e9go\u00fbt pour la structure vieillote, l&rsquo;ayant d\u00e9j\u00e0 qualifi\u00e9 \u00ab d&rsquo;horreur \u00bb par le pass\u00e9.<\/p>\n<p>Pour toute la dur\u00e9e des travaux, qui s&rsquo;\u00e9taleront du 19 avril \u00e0 la mi-juillet, les pi\u00e9tons sont invit\u00e9s \u00e0 utiliser l\u2019escalier rouge situ\u00e9 au bout du Quai Paquet ou encore \u00e0 emprunter la c\u00f4te Fr\u00e9chette. Des panneaux de signalisation ont \u00e9t\u00e9 install\u00e9s dans ce secteur \u00e0 cet effet. Bien que la date de fin des travaux puisse changer, c&rsquo;est donc dire que la structure sera ferm\u00e9e lors du Festival d&rsquo;\u00e9t\u00e9 de Qu\u00e9bec, p\u00e9riode tr\u00e8s achaland\u00e9e dans le secteur du Vieux-L\u00e9vis.<\/p>\n<p>Rappelons que l&rsquo;escalier rouge, son homologue situ\u00e9 plus \u00e0 l&rsquo;est, avait \u00e9t\u00e9 ferm\u00e9 pendant plusieurs mois l&rsquo;ann\u00e9e derni\u00e8re.<\/p><\/blockquote>\n<p><a href=\"http:\/\/www.lepeuplelevis.ca\" target=\"_blank\"><img loading=\"lazy\" decoding=\"async\" class=\"alignnone size-full wp-image-8929\" src=\"http:\/\/www.levisurbain.ca\/wp-content\/uploads\/2017\/04\/peuple-levis_2015.jpg\" alt=\"\" width=\"150\" height=\"57\" \/><\/a><br \/>Article reproduit avec autorisation.<\/p>\n","protected":false},"excerpt":{"rendered":"<p>Article de Rapha\u00ebl Beaumont-Drouin. Le Peuple L\u00e9vis. L&rsquo;escalier Labadie, commun\u00e9ment appel\u00e9 \u00ab l&rsquo;escalier gris\u00bb sera d\u00e9moli cet \u00e9t\u00e9. La Ville annoncera un plan de remplacement mardi prochain, selon ce qu&rsquo;a appris TC Media Nouvelles.La structure de b\u00e9ton qui lie les rues Saint-Laurent et Despr\u00e8s sera d\u00e9truite afin que la ville proc\u00e8de \u00e0 des travaux dans\u2026 <span class=\"read-more\"><a href=\"https:\/\/www.levisurbain.ca\/?p=8932\">Lire la suite &raquo;<\/a><\/span><\/p>\n","protected":false},"author":1,"featured_media":0,"comment_status":"open","ping_status":"open","sticky":false,"template":"","format":"standard","meta":{"footnotes":""},"categories":[65,60],"tags":[62],"class_list":["post-8932","post","type-post","status-publish","format-standard","hentry","category-gouvernement","category-transports","tag-traverse-de-levis"],"_links":{"self":[{"href":"https:\/\/www.levisurbain.ca\/index.php?rest_route=\/wp\/v2\/posts\/8932","targetHints":{"allow":["GET"]}}],"collection":[{"href":"https:\/\/www.levisurbain.ca\/index.php?rest_route=\/wp\/v2\/posts"}],"about":[{"href":"https:\/\/www.levisurbain.ca\/index.php?rest_route=\/wp\/v2\/types\/post"}],"author":[{"embeddable":true,"href":"https:\/\/www.levisurbain.ca\/index.php?rest_route=\/wp\/v2\/users\/1"}],"replies":[{"embeddable":true,"href":"https:\/\/www.levisurbain.ca\/index.php?rest_route=%2Fwp%2Fv2%2Fcomments&post=8932"}],"version-history":[{"count":0,"href":"https:\/\/www.levisurbain.ca\/index.php?rest_route=\/wp\/v2\/posts\/8932\/revisions"}],"wp:attachment":[{"href":"https:\/\/www.levisurbain.ca\/index.php?rest_route=%2Fwp%2Fv2%2Fmedia&parent=8932"}],"wp:term":[{"taxonomy":"category","embeddable":true,"href":"https:\/\/www.levisurbain.ca\/index.php?rest_route=%2Fwp%2Fv2%2Fcategories&post=8932"},{"taxonomy":"post_tag","embeddable":true,"href":"https:\/\/www.levisurbain.ca\/index.php?rest_route=%2Fwp%2Fv2%2Ftags&post=8932"}],"curies":[{"name":"wp","href":"https:\/\/api.w.org\/{rel}","templated":true}]}}