{"id":8842,"date":"2014-02-11T23:34:16","date_gmt":"2014-02-12T04:34:16","guid":{"rendered":"http:\/\/www.levisurbain.ca\/?p=8842"},"modified":"2024-02-06T09:44:23","modified_gmt":"2024-02-06T14:44:23","slug":"politique-mobilite-durable-fusion-rtc-stlevis-envisagee","status":"publish","type":"post","link":"https:\/\/www.levisurbain.ca\/?p=8842","title":{"rendered":"Politique mobilit\u00e9 durable : Fusion RTC STL\u00e9vis envisag\u00e9e ??"},"content":{"rendered":"<p>Article de Marc-Andr\u00e9 Gagnon. Le Peuple L\u00e9vis.<\/p>\n<blockquote><p>\n<strong>Et si les services du R\u00e9seau de transport de la Capitale (RTC) et de la Soci\u00e9t\u00e9 de transport de L\u00e9vis \u00e9taient regroup\u00e9s au sein d&rsquo;une seule grande organisation ?<\/strong><\/p>\n<p>L&rsquo;id\u00e9e peut para\u00eetre plus simple \u00e0 dire qu&rsquo;\u00e0\u00a0 r\u00e9liser &#8211; les soci\u00e9t\u00e9s de transport rel\u00e8vent de leur municipalit\u00e9 respective, mais n&#8217;emp\u00eache que c&rsquo;est une possibilit\u00e9 \u00e0 laquelle le ministre des Transports du Qu\u00e9bec, Sylvain Gaudreault, a ouvert la porte, hier (10 f\u00e9vrier).<\/p>\n<p>Dans sa nouvelle Strat\u00e9gie nationale de mobilit\u00e9 durable, dont les grandes lignes ont \u00e9t\u00e9 d\u00e9voil\u00e9es \u00e0 Montr\u00e9al, le ministre Gaudreault propose \u00ab une r\u00e9vision de la gouvernance \u00bb des soci\u00e9t\u00e9s de transport de Qu\u00e9bec et L\u00e9vis.<\/p><\/blockquote>\n<p>=> \u00c9galement sur le sujet : <a href=\"https:\/\/www.journaldequebec.com\/2014\/02\/10\/vers-une-fusion-du-rtc-avec-la-stlevis\" target=\"_blank\" rel=\"noopener\">Vers une fusion du RTC avec la STL\u00e9vis?<\/a>.<\/p>\n","protected":false},"excerpt":{"rendered":"<p>Article de Marc-Andr\u00e9 Gagnon. Le Peuple L\u00e9vis.<\/p>\n<blockquote><p>\n<strong>Et si les services du R\u00e9seau de transport de la Capitale (RTC) et de la Soci\u00e9t\u00e9 de transport de L\u00e9vis \u00e9taient regroup\u00e9s au sein d&rsquo;une seule grande organisation ?<\/strong><\/p>\n<p>L&rsquo;id\u00e9e peut para\u00eetre plus simple \u00e0 dire qu&rsquo;\u00e0\u00a0 r\u00e9liser &#8211; les soci\u00e9t\u00e9s de transport rel\u00e8vent de leur municipalit\u00e9 respective, mais n&#8217;emp\u00eache que c&rsquo;est une possibilit\u00e9 \u00e0 laquelle le ministre des Transports du Qu\u00e9bec, Sylvain Gaudreault, a ouvert la porte, hier (10 f\u00e9vrier).<\/p>\n<p>Dans sa nouvelle Strat\u00e9gie nationale de mobilit\u00e9 durable, dont les grandes lignes ont \u00e9t\u00e9 d\u00e9voil\u00e9es \u00e0 Montr\u00e9al, le ministre Gaudreault propose \u00ab une r\u00e9vision de la gouvernance \u00bb des soci\u00e9t\u00e9s de transport de Qu\u00e9bec et L\u00e9vis.<\/p><\/blockquote>\n<p>=> \u00c9galement sur le sujet : <a href=\"https:\/\/www.journaldequebec.com\/2014\/02\/10\/vers-une-fusion-du-rtc-avec-la-stlevis\" target=\"_blank\" rel=\"noopener\">Vers une fusion du RTC avec la STL\u00e9vis?<\/a>.<\/p>\n","protected":false},"author":5,"featured_media":0,"comment_status":"open","ping_status":"open","sticky":false,"template":"","format":"standard","meta":{"footnotes":""},"categories":[65,60],"tags":[64],"class_list":["post-8842","post","type-post","status-publish","format-standard","hentry","category-gouvernement","category-transports","tag-stlevis"],"_links":{"self":[{"href":"https:\/\/www.levisurbain.ca\/index.php?rest_route=\/wp\/v2\/posts\/8842","targetHints":{"allow":["GET"]}}],"collection":[{"href":"https:\/\/www.levisurbain.ca\/index.php?rest_route=\/wp\/v2\/posts"}],"about":[{"href":"https:\/\/www.levisurbain.ca\/index.php?rest_route=\/wp\/v2\/types\/post"}],"author":[{"embeddable":true,"href":"https:\/\/www.levisurbain.ca\/index.php?rest_route=\/wp\/v2\/users\/5"}],"replies":[{"embeddable":true,"href":"https:\/\/www.levisurbain.ca\/index.php?rest_route=%2Fwp%2Fv2%2Fcomments&post=8842"}],"version-history":[{"count":4,"href":"https:\/\/www.levisurbain.ca\/index.php?rest_route=\/wp\/v2\/posts\/8842\/revisions"}],"predecessor-version":[{"id":16392,"href":"https:\/\/www.levisurbain.ca\/index.php?rest_route=\/wp\/v2\/posts\/8842\/revisions\/16392"}],"wp:attachment":[{"href":"https:\/\/www.levisurbain.ca\/index.php?rest_route=%2Fwp%2Fv2%2Fmedia&parent=8842"}],"wp:term":[{"taxonomy":"category","embeddable":true,"href":"https:\/\/www.levisurbain.ca\/index.php?rest_route=%2Fwp%2Fv2%2Fcategories&post=8842"},{"taxonomy":"post_tag","embeddable":true,"href":"https:\/\/www.levisurbain.ca\/index.php?rest_route=%2Fwp%2Fv2%2Ftags&post=8842"}],"curies":[{"name":"wp","href":"https:\/\/api.w.org\/{rel}","templated":true}]}}