{"id":5226,"date":"2009-04-24T08:28:07","date_gmt":"2009-04-24T12:28:07","guid":{"rendered":"http:\/\/www.levisurbain.ca\/?p=5226"},"modified":"2024-04-01T16:32:54","modified_gmt":"2024-04-01T20:32:54","slug":"le-capitaine-bernier-aura-sa-statue-2","status":"publish","type":"post","link":"https:\/\/www.levisurbain.ca\/?p=5226","title":{"rendered":"Le capitaine Bernier aura sa statue"},"content":{"rendered":"<p>Article de Pierre Duquet. Le Peuple L\u00e9vis.<\/p>\n<blockquote>\n<p><img decoding=\"async\" src=\"http:\/\/www.levisurbain.ca\/wp-content\/uploads\/lepeuple_captbernier.jpg\" align=\"center\" border=\"0\" \/><\/p>\n<p><b>Le projet de dresser une statue \u00e0 L\u00e9vis pour rendre hommage au capitaine Joseph-Elz\u00e9ar Bernier n&rsquo;a pas sombr\u00e9 dans l&rsquo;oubli comme plusieurs admirateurs du grand navigateur pourraient le croire. Tous les \u00e9lus concern\u00e9s par ce projet nous affirment que cela sera fait, mais malheureusement pas en 2009. <\/b><\/p>\n<p>Rappelons d&rsquo;entr\u00e9e de jeu pour m\u00e9moire que le capitaine Joseph-Elz\u00e9ar Bernier c\u00e9l\u00e8bre pour plusieurs et totalement inconnu pour d&rsquo;autres a \u00e9t\u00e9 l&rsquo;acteur principal de la prise de possession au nom du Canada le 1er juillet 1909 de tout l&rsquo;archipel arctique canadien jusqu&rsquo;au P\u00f4le Nord. La grande carte qu&rsquo;il a dress\u00e9e \u00e0 l&rsquo;\u00e9poque (maintenant centenaire) a d&rsquo;ailleurs \u00e9t\u00e9 d\u00e9voil\u00e9e en pr\u00e9sence du premier ministre Steven Harper l&rsquo;an dernier.<\/p>\n<p><a name=\"more\"><\/a>Le fameux projet de statue a aussi \u00e9t\u00e9 annonc\u00e9 dans nos pages, il y a quelques mois. La maquette de ce futur monument existe et elle tr\u00f4ne m\u00eame dans le bureau du d\u00e9put\u00e9 de L\u00e9vis, Gilles Lehouillier. Ce dernier nous indiquait r\u00e9cemment que \u00ab ce projet \u00e9tait pris au s\u00e9rieux \u00bb. Il en va de m\u00eame pour la Ville de L\u00e9vis.<\/p><\/blockquote>\n<blockquote><p>Le lieu d&rsquo;implantation entrevu pour le monument \u00e0 l&rsquo;effigie de Joseph-Elz\u00e9ar Bernier est le site du quai Paquet o\u00f9 il est pr\u00e9vu depuis longtemps de faire un parc digne de ce nom. Ce secteur, o\u00f9 le capitaine Bernier a tant largu\u00e9 les amarres, semble tout d\u00e9sign\u00e9, particuli\u00e8rement pour Jeanne Coud\u00e9, membre de la Soci\u00e9t\u00e9 d&rsquo;histoire r\u00e9gionale de L\u00e9vis.<\/p>\n<p><b>D\u00e9marches soutenues<\/b><br \/>\nCette derni\u00e8re m\u00e8ne des d\u00e9marches aupr\u00e8s des \u00e9lus, depuis plusieurs ann\u00e9es, pour que l&rsquo;effigie du capitaine y soit implant\u00e9e. Mme Coud\u00e9 a longtemps esp\u00e9r\u00e9 que cela pourrait \u00eatre fait pour le 1er juillet 2009, exactement cent ans apr\u00e8s la prise de possession de l&rsquo;archipel arctique canadien par le capitaine Bernier. Mais voil\u00e0, les autorit\u00e9s concern\u00e9es jugent pr\u00e9matur\u00e9, voire irrespectueux, d&rsquo;\u00e9riger un monument d&rsquo;importance, dans un lieu qui n&rsquo;a pas encore \u00e9t\u00e9 mis en valeur.<\/p>\n<p>\u00ab L&rsquo;am\u00e9nagement du quai Paquet, a expliqu\u00e9 le d\u00e9put\u00e9 de L\u00e9vis, s&rsquo;inscrit dans un plan de d\u00e9veloppement d&rsquo;ensemble du secteur.\u00bb Ce qui revient \u00e0 dire qu&rsquo;il faudra attendre que la Ville de L\u00e9vis ait fait l&rsquo;annonce de son concept d&rsquo;am\u00e9nagement du secteur pour sp\u00e9culer sur la date d&rsquo;arriv\u00e9e de la statue. Certains estiment que les c\u00e9l\u00e9brations du 375e anniversaire de la fondation de la Seigneurie de Lauzon, en 2011, seraient le moment appropri\u00e9.<\/p><\/blockquote>\n<p><img decoding=\"async\" src=\"http:\/\/www.levisurbain.ca\/wp-content\/uploads\/peuple_levis.gif\" border=\"0\" \/><br \/>\nReproduit avec autorisation au moment de la publication sur ce blogue.<\/p>\n","protected":false},"excerpt":{"rendered":"<p>Article de Pierre Duquet. Le Peuple L\u00e9vis.<\/p>\n<blockquote>\n<p><img decoding=\"async\" src=\"http:\/\/www.levisurbain.ca\/wp-content\/uploads\/lepeuple_captbernier.jpg\" align=\"center\" border=\"0\" \/><\/p>\n<p><b>Le projet de dresser une statue \u00e0 L\u00e9vis pour rendre hommage au capitaine Joseph-Elz\u00e9ar Bernier n&rsquo;a pas sombr\u00e9 dans l&rsquo;oubli comme plusieurs admirateurs du grand navigateur pourraient le croire. Tous les \u00e9lus concern\u00e9s par ce projet nous affirment que cela sera fait, mais malheureusement pas en 2009. <\/b><\/p>\n<p>Rappelons d&rsquo;entr\u00e9e de jeu pour m\u00e9moire que le capitaine Joseph-Elz\u00e9ar Bernier c\u00e9l\u00e8bre pour plusieurs et totalement inconnu pour d&rsquo;autres a \u00e9t\u00e9 l&rsquo;acteur principal de la prise de possession au nom du Canada le 1er juillet 1909 de tout l&rsquo;archipel arctique canadien jusqu&rsquo;au P\u00f4le Nord. La grande carte qu&rsquo;il a dress\u00e9e \u00e0 l&rsquo;\u00e9poque (maintenant centenaire) a d&rsquo;ailleurs \u00e9t\u00e9 d\u00e9voil\u00e9e en pr\u00e9sence du premier ministre Steven Harper l&rsquo;an dernier.<\/p>\n<p><a name=\"more\"><\/a>Le fameux projet de statue a aussi \u00e9t\u00e9 annonc\u00e9 dans nos pages, il y a quelques mois. La maquette de ce futur monument existe et elle tr\u00f4ne m\u00eame dans le bureau du d\u00e9put\u00e9 de L\u00e9vis, Gilles Lehouillier. Ce dernier nous indiquait r\u00e9cemment que \u00ab ce projet \u00e9tait pris au s\u00e9rieux \u00bb. Il en va de m\u00eame pour la Ville de L\u00e9vis.<\/p><\/blockquote>\n<p><a href=\"https:\/\/www.levisurbain.ca\/?p=5226#more\">Lire la suite \u00bb<\/a><\/p>\n","protected":false},"author":1,"featured_media":0,"comment_status":"open","ping_status":"open","sticky":false,"template":"","format":"standard","meta":{"footnotes":""},"categories":[69],"tags":[],"class_list":["post-5226","post","type-post","status-publish","format-standard","hentry","category-histoire-urbaine"],"_links":{"self":[{"href":"https:\/\/www.levisurbain.ca\/index.php?rest_route=\/wp\/v2\/posts\/5226","targetHints":{"allow":["GET"]}}],"collection":[{"href":"https:\/\/www.levisurbain.ca\/index.php?rest_route=\/wp\/v2\/posts"}],"about":[{"href":"https:\/\/www.levisurbain.ca\/index.php?rest_route=\/wp\/v2\/types\/post"}],"author":[{"embeddable":true,"href":"https:\/\/www.levisurbain.ca\/index.php?rest_route=\/wp\/v2\/users\/1"}],"replies":[{"embeddable":true,"href":"https:\/\/www.levisurbain.ca\/index.php?rest_route=%2Fwp%2Fv2%2Fcomments&post=5226"}],"version-history":[{"count":2,"href":"https:\/\/www.levisurbain.ca\/index.php?rest_route=\/wp\/v2\/posts\/5226\/revisions"}],"predecessor-version":[{"id":16638,"href":"https:\/\/www.levisurbain.ca\/index.php?rest_route=\/wp\/v2\/posts\/5226\/revisions\/16638"}],"wp:attachment":[{"href":"https:\/\/www.levisurbain.ca\/index.php?rest_route=%2Fwp%2Fv2%2Fmedia&parent=5226"}],"wp:term":[{"taxonomy":"category","embeddable":true,"href":"https:\/\/www.levisurbain.ca\/index.php?rest_route=%2Fwp%2Fv2%2Fcategories&post=5226"},{"taxonomy":"post_tag","embeddable":true,"href":"https:\/\/www.levisurbain.ca\/index.php?rest_route=%2Fwp%2Fv2%2Ftags&post=5226"}],"curies":[{"name":"wp","href":"https:\/\/api.w.org\/{rel}","templated":true}]}}