{"id":4872,"date":"2012-04-17T22:50:37","date_gmt":"2012-04-18T02:50:37","guid":{"rendered":"http:\/\/www.levisurbain.ca\/?p=4872"},"modified":"2020-03-22T16:16:14","modified_gmt":"2020-03-22T20:16:14","slug":"traverse-de-levis-gare-retapee-et-plus-de-places-pour-stationner","status":"publish","type":"post","link":"https:\/\/www.levisurbain.ca\/?p=4872","title":{"rendered":"Traverse de L\u00e9vis : gare retap\u00e9e et plus de places pour stationner"},"content":{"rendered":"<p>Article de St\u00e9phanie Martin. <a href=\"http:\/\/www.lesoleil.com\" target=\"_blank\" rel=\"noopener noreferrer\">Le Soleil<\/a>.<br \/>\nReproduit avec autorisation au moment de la publication.<\/p>\n<blockquote><p><strong>Avec l&rsquo;achat de trois terrains dans le secteur de la traverse, la <a href=\"http:\/\/www.ville.levis.qc.ca\" target=\"_blank\" rel=\"noopener noreferrer\">Ville de L\u00e9vis<\/a> en profitera pour construire un stationnement de 150 cases et pour retaper la gare intermodale pour en faire \u00ab la principale porte d&rsquo;accueil pour les touristes \u00bb.<\/strong><\/p>\n<p>Le directeur du d\u00e9veloppement \u00e9conomique de la Ville de L\u00e9vis, Philippe Meurant, a expliqu\u00e9 hier soir aux citoyens pr\u00e9sents au conseil municipal que les trois acquisitions que la Ville compte faire dans le secteur de la traverse repr\u00e9senteront des montants de 1,6 million $. Le terrain sur lequel est situ\u00e9 le casse-cro\u00fbte Le Capitaine sera achet\u00e9 au co\u00fbt de 525 000 $. Le b\u00e2timent sera d\u00e9truit pour faire place aux am\u00e9nagements du quai Paquet, dont une promenade de bois et des jeux d&rsquo;eau.<\/p>\n<p>Le garage de la traverse sur lequel la Ville a d\u00e9pos\u00e9 une option d&rsquo;achat de 725 000 $ sera d\u00e9truit quand la municipalit\u00e9 en deviendra propri\u00e9taire. Il fera place \u00e0 un stationnement \u00e9tag\u00e9 adoss\u00e9 \u00e0 la falaise, a r\u00e9v\u00e9l\u00e9 le directeur du d\u00e9veloppement.<\/p>\n<p>Il contiendra quelque 150 places. \u00ab Cela permettra de r\u00e9pondre aux besoins en stationnement dans ce secteur \u00bb, a-t-il indiqu\u00e9. Des commerces au rez-de-chauss\u00e9e et des logements \u00e0 l&rsquo;\u00e9tage seront aussi ajout\u00e9s dans la partie la plus pr\u00e8s de la rue Saint-Laurent.<!--more--><\/p>\n<p><a name=\"more\"><\/a><\/p>\n<p><strong>Accueillir les visiteurs<\/strong><br \/>\nLe troisi\u00e8me b\u00e2timent, celui de la gare, acquis de la Soci\u00e9t\u00e9 des traversiers au montant symbolique de 1 $, sera compl\u00e8tement remis au go\u00fbt du jour. \u00ab  Elle est actuellement utilis\u00e9e par la Ville \u00e0 des fins d&rsquo;information touristique alors nous allons consacrer cet usage et \u00e7a va devenir r\u00e9ellement pour nous la principale porte d&rsquo;accueil pour les touristes et les gens qui nous visitent \u00e0 partir du Vieux-Qu\u00e9bec en empruntant le traversier.  \u00bb Une \u00e9valuation des frais de r\u00e9fection s&rsquo;\u00e9l\u00e8ve \u00e0 750 000 $.<\/p>\n<p>Il est d\u00e9j\u00e0 acquis que les travaux de r\u00e9am\u00e9nagement du secteur de la traverse ne pourront probablement pas d\u00e9marrer avant septembre 2012, puisque la prochaine \u00e9tape, avant que ne soient enclench\u00e9s les travaux d&rsquo;am\u00e9nagement du quai Paquet, est l&rsquo;\u00e9valuation environnementale des sols, a expliqu\u00e9 M. Meurant. Le tout doit \u00eatre fait au plus tard en septembre 2012. \u00ab  Il faut disposer de l&rsquo;\u00e9valuation environnementale avant de proc\u00e9der aux travaux  \u00bb, a-t-il pr\u00e9cis\u00e9.<\/p><\/blockquote>\n<p><a href=\"http:\/\/www.lesoleil.com\" target=\"_blank\" rel=\"noopener noreferrer\"><img decoding=\"async\" src=\"http:\/\/www.levisurbain.ca\/images\/lesoleil.gif\" alt=\"\" border=\"0\" \/><\/a><br \/>\nReproduit avec autorisation au moment de la publication.<\/p>\n","protected":false},"excerpt":{"rendered":"<p>Article de St\u00e9phanie Martin. Le Soleil. Reproduit avec autorisation au moment de la publication. Avec l&rsquo;achat de trois terrains dans le secteur de la traverse, la Ville de L\u00e9vis en profitera pour construire un stationnement de 150 cases et pour retaper la gare intermodale pour en faire \u00ab la principale porte d&rsquo;accueil pour les touristes\u2026 <span class=\"read-more\"><a href=\"https:\/\/www.levisurbain.ca\/?p=4872\">Lire la suite &raquo;<\/a><\/span><\/p>\n","protected":false},"author":5,"featured_media":0,"comment_status":"open","ping_status":"open","sticky":false,"template":"","format":"standard","meta":{"footnotes":""},"categories":[68,60],"tags":[62],"class_list":["post-4872","post","type-post","status-publish","format-standard","hentry","category-patrimoine","category-transports","tag-traverse-de-levis"],"_links":{"self":[{"href":"https:\/\/www.levisurbain.ca\/index.php?rest_route=\/wp\/v2\/posts\/4872","targetHints":{"allow":["GET"]}}],"collection":[{"href":"https:\/\/www.levisurbain.ca\/index.php?rest_route=\/wp\/v2\/posts"}],"about":[{"href":"https:\/\/www.levisurbain.ca\/index.php?rest_route=\/wp\/v2\/types\/post"}],"author":[{"embeddable":true,"href":"https:\/\/www.levisurbain.ca\/index.php?rest_route=\/wp\/v2\/users\/5"}],"replies":[{"embeddable":true,"href":"https:\/\/www.levisurbain.ca\/index.php?rest_route=%2Fwp%2Fv2%2Fcomments&post=4872"}],"version-history":[{"count":0,"href":"https:\/\/www.levisurbain.ca\/index.php?rest_route=\/wp\/v2\/posts\/4872\/revisions"}],"wp:attachment":[{"href":"https:\/\/www.levisurbain.ca\/index.php?rest_route=%2Fwp%2Fv2%2Fmedia&parent=4872"}],"wp:term":[{"taxonomy":"category","embeddable":true,"href":"https:\/\/www.levisurbain.ca\/index.php?rest_route=%2Fwp%2Fv2%2Fcategories&post=4872"},{"taxonomy":"post_tag","embeddable":true,"href":"https:\/\/www.levisurbain.ca\/index.php?rest_route=%2Fwp%2Fv2%2Ftags&post=4872"}],"curies":[{"name":"wp","href":"https:\/\/api.w.org\/{rel}","templated":true}]}}