{"id":4866,"date":"2012-04-17T11:05:51","date_gmt":"2012-04-17T15:05:51","guid":{"rendered":"http:\/\/www.levisurbain.ca\/?p=4866"},"modified":"2020-03-22T16:25:42","modified_gmt":"2020-03-22T20:25:42","slug":"levis-reporterait-la-construction-de-deux-casernes-de-pompiers-pour-economiser","status":"publish","type":"post","link":"https:\/\/www.levisurbain.ca\/?p=4866","title":{"rendered":"L\u00e9vis reporterait la construction de deux casernes de pompiers pour \u00e9conomiser"},"content":{"rendered":"<p>Article de Matthieu Boivin. <a href=\"http:\/\/www.lesoleil.com\" target=\"_blank\" rel=\"noopener noreferrer\">Le Soleil<\/a>.<br \/>\nReproduit avec autorisation au moment de la publication.<\/p>\n<blockquote>\n<p><strong><img loading=\"lazy\" decoding=\"async\" class=\"aligncenter\" src=\"http:\/\/www.levisurbain.ca\/images\/caserne_lesoleil_170412.jpg\" alt=\"\" width=\"475\" height=\"375\" \/><\/strong><\/p>\n<p><strong>Le Service des incendies de L\u00e9vis reporte la construction de deux casernes de pompiers dans les secteurs Breakeyville et Pintendre, ce qui lui permettra de r\u00e9aliser \u00e0 court terme des \u00e9conomies de plus de deux millions de dollars. Ces retards mettent la vie des citoyens de ces secteurs en danger, affirme pour sa part le syndicat des pompiers de L\u00e9vis.<\/strong><\/p>\n<p>Selon un document confidentiel obtenu par <i>Le Soleil<\/i> et titr\u00e9 \u00ab Mesures de r\u00e9cup\u00e9ration budg\u00e9taire \u00bb, la direction du service veut aussi abolir des postes de syndiqu\u00e9s, reporter l&#8217;embauche de trois cadres, ne plus remplacer les absences de deux nouveaux postes cr\u00e9\u00e9s r\u00e9cemment \u00e0 la caserne de Saint-Romuald et remettre \u00e0 plus tard l&#8217;embauche de deux cols blancs. Avec ces pistes, on veut ainsi \u00e9conomiser 5 % de la masse salariale du service des incendies de fa\u00e7on r\u00e9currente, soit l&rsquo;\u00e9quivalent de 625 000 $.<\/p>\n<p>Le d\u00e9but de la construction de la caserne de Breakeyville \u00e9tait pr\u00e9vu en premier lieu pour le mois de mars 2011, comme le rappelle un article du site Internet journaldelevis.com. Dans ce document confidentiel de deux pages, on apprend qu&rsquo;on veut remettre l&rsquo;ouverture de la caserne au 1er novembre 2013, alors qu&rsquo;elle avait d\u00e9j\u00e0 \u00e9t\u00e9 report\u00e9e une premi\u00e8re fois \u00e0 novembre 2012.<\/p>\n<p>\u00ab On veut faire avancer le projet le plus rapidement possible et id\u00e9alement \u00eatre en mesure d&rsquo;ouvrir cette nouvelle caserne avant la fin de l&rsquo;ann\u00e9e en cours \u00bb, avait indiqu\u00e9 le directeur du service des incendies de L\u00e9vis, Yves Despr\u00e9s, en jan vier 2011, en faisant r\u00e9f\u00e9rence \u00e0 la caserne de Breakeyville.<\/p>\n<p>Dans le secteur Pintendre, l&rsquo;ouverture de la caserne \u00e9tait pr\u00e9vue pour le 1er novembre 2013; la nouvelle date serait le 1er novembre 2014. Les secteurs de Breakeyville et de Pintendre sont tr\u00e8s pris\u00e9s par les jeunes familles, et leur population ne cesse d&rsquo;augmenter.<!--more--><\/p>\n<p><a name=\"more\"><\/a><\/p>\n<p><strong>Sch\u00e9ma \u00e0 respecter<\/strong><br \/>\nCes deux casernes doivent \u00eatre construites afin de respecter le sch\u00e9ma de couverture de risque qui est entr\u00e9 en vigueur en d\u00e9cembre 2010. Le sch\u00e9ma pr\u00e9voit l&rsquo;arriv\u00e9e sur les lieux d&rsquo;un incendie de quatre pompiers dans un d\u00e9lai inf\u00e9rieur \u00e0 cinq minutes, et de 10 en moins de 10 minutes.<\/p>\n<p>Actuellement, il y a quatre casernes des incendies occup\u00e9es 24 heures sur 24 par des pompiers sur le territoire, soit dans les secteurs L\u00e9vis, Saint-Romuald, Saint-Nicolas et Saint-\u00e9tienne.<\/p>\n<p>Le pr\u00e9sident du Syndicat des pompiers de L\u00e9vis, Jean-Fran\u00e7ois Hamel, reconna\u00eet avoir mis la main sur ce document interne de fa\u00e7on accidentelle, quand un membre de la direction du service a t\u00e9l\u00e9copi\u00e9 ces pages par erreur dans une caserne du service. Il somme la direction de proc\u00e9der aux embauches qui \u00e9taient pr\u00e9vues, de ne pas proc\u00e9der \u00e0 des compressions et de tout faire pour que ces deux casernes soient construites dans les d\u00e9lais initialement pr\u00e9vus.<\/p>\n<p>\u00ab En repoussant ces constructions, c&rsquo;est clair qu&rsquo;on met la vie des citoyens de Breakeyville et de Pintendre en danger, a affirm\u00e9 M. Hamel. Les \u00e9lus ont adopt\u00e9 un sch\u00e9ma de couverture de risque, eh bien, qu&rsquo;on le respecte. \u00bb<\/p>\n<p>M. Hamel jure que le climat au Service des incendies de L\u00e9vis ne se compare pas du tout avec celui de Qu\u00e9bec, o\u00f9 l&rsquo;ambiance est tr\u00e8s mauvaise depuis plusieurs ann\u00e9es. \u00abOn ne fait pas cette sortie parce qu&rsquo;on n&rsquo;est pas capable de discuter avec la direction du service, pr\u00e9cise M. Hamel. On le fait pour que les citoyens soient inform\u00e9s.\u00bb<\/p>\n<p>Il y a bel et bien des casernes d\u00e9su\u00e8tes dans les secteurs de Breakeyville et de Pintendre actuellement. On y trouve des camions d&rsquo;intervention, mais aucun pompier en permanence. Ce sont des pompiers de L\u00e9vis vivant dans ces deux secteurs qui se rendent dans ces casernes quand il y a des incendies, pour ensuite se diriger vers les lieux de l&rsquo;intervention. Ils arrivent au feu r\u00e9guli\u00e8rement apr\u00e8s leurs coll\u00e8gues qui proviennent des casernes occup\u00e9es 24 heures sur 24 par des pompiers.<\/p><\/blockquote>\n<p><a href=\"http:\/\/www.lesoleil.com\" target=\"_blank\" rel=\"noopener noreferrer\"><img decoding=\"async\" src=\"http:\/\/www.levisurbain.ca\/images\/lesoleil.gif\" alt=\"\" border=\"0\" \/><\/a><br \/>\nReproduit avec autorisation au moment de la publication.<\/p>\n","protected":false},"excerpt":{"rendered":"<p>Article de Matthieu Boivin. Le Soleil. Reproduit avec autorisation au moment de la publication. Le Service des incendies de L\u00e9vis reporte la construction de deux casernes de pompiers dans les secteurs Breakeyville et Pintendre, ce qui lui permettra de r\u00e9aliser \u00e0 court terme des \u00e9conomies de plus de deux millions de dollars. Ces retards mettent\u2026 <span class=\"read-more\"><a href=\"https:\/\/www.levisurbain.ca\/?p=4866\">Lire la suite &raquo;<\/a><\/span><\/p>\n","protected":false},"author":1,"featured_media":0,"comment_status":"open","ping_status":"open","sticky":false,"template":"","format":"standard","meta":{"footnotes":""},"categories":[65],"tags":[],"class_list":["post-4866","post","type-post","status-publish","format-standard","hentry","category-gouvernement"],"_links":{"self":[{"href":"https:\/\/www.levisurbain.ca\/index.php?rest_route=\/wp\/v2\/posts\/4866","targetHints":{"allow":["GET"]}}],"collection":[{"href":"https:\/\/www.levisurbain.ca\/index.php?rest_route=\/wp\/v2\/posts"}],"about":[{"href":"https:\/\/www.levisurbain.ca\/index.php?rest_route=\/wp\/v2\/types\/post"}],"author":[{"embeddable":true,"href":"https:\/\/www.levisurbain.ca\/index.php?rest_route=\/wp\/v2\/users\/1"}],"replies":[{"embeddable":true,"href":"https:\/\/www.levisurbain.ca\/index.php?rest_route=%2Fwp%2Fv2%2Fcomments&post=4866"}],"version-history":[{"count":0,"href":"https:\/\/www.levisurbain.ca\/index.php?rest_route=\/wp\/v2\/posts\/4866\/revisions"}],"wp:attachment":[{"href":"https:\/\/www.levisurbain.ca\/index.php?rest_route=%2Fwp%2Fv2%2Fmedia&parent=4866"}],"wp:term":[{"taxonomy":"category","embeddable":true,"href":"https:\/\/www.levisurbain.ca\/index.php?rest_route=%2Fwp%2Fv2%2Fcategories&post=4866"},{"taxonomy":"post_tag","embeddable":true,"href":"https:\/\/www.levisurbain.ca\/index.php?rest_route=%2Fwp%2Fv2%2Ftags&post=4866"}],"curies":[{"name":"wp","href":"https:\/\/api.w.org\/{rel}","templated":true}]}}