{"id":4791,"date":"2012-04-07T05:00:40","date_gmt":"2012-04-07T09:00:40","guid":{"rendered":"http:\/\/www.levisurbain.ca\/?p=4791"},"modified":"2020-03-22T16:46:01","modified_gmt":"2020-03-22T20:46:01","slug":"4791","status":"publish","type":"post","link":"https:\/\/www.levisurbain.ca\/?p=4791","title":{"rendered":"Magasins Zellers des Galeries Chagnon et de Laurier Qu\u00e9bec : locaux vid\u00e9s fin d\u00e9cembre"},"content":{"rendered":"<p>Article de Marie-Pier Duplessis. <a href=\"http:\/\/www.lesoleil.com\" target=\"_blank\" rel=\"noopener noreferrer\">Le Soleil<\/a>.<br \/>\nReproduit avec autorisation au moment de la publication.<\/p>\n<blockquote><p><img loading=\"lazy\" decoding=\"async\" src=\"http:\/\/www.levisurbain.ca\/images\/zellers_lesoleil_avril2012.jpg\" alt=\"\" width=\"475\" height=\"350\" \/><\/p>\n<p><strong>Les magasins Zellers de Laurier Qu&eacute;bec et des Galeries Chagnon fermeront leurs portes le 17 d&eacute;cembre, laissant tout le temps n&eacute;cessaire &agrave; Target pour effectuer des r&eacute;novations et des changements majeurs avant l&rsquo;ouverture de ses succursales &agrave; l&rsquo;automne 2013.<\/strong><\/p>\n<p>\u00ab Nous aurons deux semaines suppl&eacute;mentaires pour vider compl&egrave;tement les locaux \u00bb, pr&eacute;cise la porte-parole de HBC, Tiffany Bourr&eacute;, qui confirme que les employ&eacute;s de ces deux Zellers de Qu&eacute;bec et de L&eacute;vis auront du travail jusqu&rsquo;&agrave; la fin de l&rsquo;ann&eacute;e.<\/p>\n<p>Selon l&rsquo;avis d&eacute;j&agrave; remis &agrave; quelques-uns d&rsquo;entre eux, les salari&eacute;s seront tenus de travailler jusqu&rsquo;au 8 d&eacute;cembre s&rsquo;ils veulent toucher &agrave; l&rsquo;indemnit&eacute; de cessation d&#8217;emploi forfaitaire &agrave; laquelle ils ont droit. Le montant varie cependant d&rsquo;un employ&eacute; &agrave; un autre, certains n&rsquo;ayant droit &agrave; aucune compensation financi&egrave;re, d&eacute;plore Roxane Larouche, du syndicat des Travailleurs unis de l&rsquo;alimentation et du commerce (TUAC). Rappelons que les TUAC se sont engag&eacute;s dans une missive contre Target, puisque ce syndicat &#8211; qui ne repr&eacute;sente qu&rsquo;une infime partie de tous les employ&eacute;s de Zellers au Qu&eacute;bec &#8211; accuse le g&eacute;ant am&eacute;ricain de bafouer les droits des travailleurs en all&eacute;guant avoir conclu avec le groupe HBC une transaction strictement immobili&egrave;re lorsqu&rsquo;elle a acquis les baux de la plupart des magasins Zellers pour 1,8 milliard$.<\/p>\n<p><strong>Mati&egrave;re &agrave; poursuite<\/strong><br \/>\nSelon le professeur Alain Barr&eacute;, du d&eacute;partement des relations industrielles de l&rsquo;Universit&eacute; Laval, le litige entre les employ&eacute;s de Zellers et Target pourrait tr&egrave;s bien se rendre devant les tribunaux. Pour d&eacute;terminer si Target doit assumer ses responsabilit&eacute;s envers les salari&eacute;s de la cha&icirc;ne du groupe HBC, tout repose sur le concept du \u00abmaintien de l&rsquo;entreprise\u00bb. \u00abC&rsquo;est certain que Target va all&eacute;guer que toutes les transformations qu&rsquo;elle va faire dans ses locaux vont prouver que ce n&rsquo;est plus la m&ecirc;me entreprise\u00bb, estime M. Barr&eacute;. Mais, selon lui, l&rsquo;argument de l&#8217;emplacement du commerce, d&rsquo;autant plus qu&rsquo;il s&rsquo;agit du m&ecirc;me secteur d&rsquo;activit&eacute;, sera suffisant pour d&eacute;montrer que Target n&rsquo;est que la continuit&eacute; de Zellers. Ainsi, les employ&eacute;s avec plus de deux ans de service continu pourraient exercer un recours aupr&egrave;s de la Commission des normes du travail (CNT) pour avoir &eacute;t&eacute; mis &agrave; pied sans cause juste et suffisante.<\/p>\n<p>La Loi sur les normes du travail exige toutefois que l&#8217;employ&eacute; qui juge avoir &eacute;t&eacute; l&eacute;s&eacute; d&eacute;pose une plainte &agrave; la CNT dans les 45 jours suivant la perte de son emploi.<\/p><\/blockquote>\n<p><a href=\"http:\/\/www.lesoleil.com\" target=\"_blank\" rel=\"noopener noreferrer\"><img decoding=\"async\" src=\"http:\/\/www.levisurbain.ca\/images\/lesoleil.gif\" alt=\"\" border=\"0\" \/><\/a><br \/>\nReproduit avec autorisation au moment de la publication.<\/p>\n","protected":false},"excerpt":{"rendered":"<p>Article de Marie-Pier Duplessis. Le Soleil. Reproduit avec autorisation au moment de la publication. Les magasins Zellers de Laurier Qu&eacute;bec et des Galeries Chagnon fermeront leurs portes le 17 d&eacute;cembre, laissant tout le temps n&eacute;cessaire &agrave; Target pour effectuer des r&eacute;novations et des changements majeurs avant l&rsquo;ouverture de ses succursales &agrave; l&rsquo;automne 2013. \u00ab Nous\u2026 <span class=\"read-more\"><a href=\"https:\/\/www.levisurbain.ca\/?p=4791\">Lire la suite &raquo;<\/a><\/span><\/p>\n","protected":false},"author":1,"featured_media":0,"comment_status":"open","ping_status":"open","sticky":false,"template":"","format":"standard","meta":{"footnotes":""},"categories":[58],"tags":[],"class_list":["post-4791","post","type-post","status-publish","format-standard","hentry","category-commerce-economie"],"_links":{"self":[{"href":"https:\/\/www.levisurbain.ca\/index.php?rest_route=\/wp\/v2\/posts\/4791","targetHints":{"allow":["GET"]}}],"collection":[{"href":"https:\/\/www.levisurbain.ca\/index.php?rest_route=\/wp\/v2\/posts"}],"about":[{"href":"https:\/\/www.levisurbain.ca\/index.php?rest_route=\/wp\/v2\/types\/post"}],"author":[{"embeddable":true,"href":"https:\/\/www.levisurbain.ca\/index.php?rest_route=\/wp\/v2\/users\/1"}],"replies":[{"embeddable":true,"href":"https:\/\/www.levisurbain.ca\/index.php?rest_route=%2Fwp%2Fv2%2Fcomments&post=4791"}],"version-history":[{"count":0,"href":"https:\/\/www.levisurbain.ca\/index.php?rest_route=\/wp\/v2\/posts\/4791\/revisions"}],"wp:attachment":[{"href":"https:\/\/www.levisurbain.ca\/index.php?rest_route=%2Fwp%2Fv2%2Fmedia&parent=4791"}],"wp:term":[{"taxonomy":"category","embeddable":true,"href":"https:\/\/www.levisurbain.ca\/index.php?rest_route=%2Fwp%2Fv2%2Fcategories&post=4791"},{"taxonomy":"post_tag","embeddable":true,"href":"https:\/\/www.levisurbain.ca\/index.php?rest_route=%2Fwp%2Fv2%2Ftags&post=4791"}],"curies":[{"name":"wp","href":"https:\/\/api.w.org\/{rel}","templated":true}]}}