{"id":4788,"date":"2012-04-07T05:24:55","date_gmt":"2012-04-07T09:24:55","guid":{"rendered":"http:\/\/www.levisurbain.ca\/?p=4788"},"modified":"2020-03-22T16:37:00","modified_gmt":"2020-03-22T20:37:00","slug":"le-35-37-cote-du-passage-sera-demoli","status":"publish","type":"post","link":"https:\/\/www.levisurbain.ca\/?p=4788","title":{"rendered":"Le 35-37 C\u00f4te du Passage sera d\u00e9moli"},"content":{"rendered":"<p>Article de Nathalie St-Pierre. <a href=\"http:\/\/www.journaldelevis.com\" target=\"_blank\" rel=\"noopener noreferrer\">Le Journal de L\u00e9vis<\/a>.<\/p>\n<blockquote><p><strong><img loading=\"lazy\" decoding=\"async\" src=\"http:\/\/www.levisurbain.ca\/images\/jdlevis_07042012.jpg\" alt=\"\" width=\"475\" height=\"320\" \/><\/strong><\/p>\n<p><strong>Les \u00e9lus de la Ville de L\u00e9vis ont rendu leur verdict le 2 avril dernier et ont confirm\u00e9 la d\u00e9cision du comit\u00e9 de d\u00e9molition autorisant la d\u00e9molition du 35-37 c\u00f4te du Passage.<\/strong><\/p>\n<p>\u00ab Un pas de plus vers la d\u00e9naturation du Vieux-L\u00e9vis d\u00e9j\u00e0 bien entam\u00e9e \u00bb, a r\u00e9agi par voie de communiqu\u00e9 le Comit\u00e9 de quartier du Vieux-L\u00e9vis.<\/p>\n<p>Rappelons que des citoyens du Vieux-L\u00e9vis en avaient appel\u00e9 de la d\u00e9cision du comit\u00e9 de d\u00e9molition rendue en novembre dernier. Ceux-ci s&rsquo;appuyaient sur des arguments tels que la sant\u00e9 du b\u00e2timent, ses particularit\u00e9s sur le plan historique et la qualit\u00e9 de vie des citoyens \u00e0 proximit\u00e9 de la nouvelle construction.<\/p>\n<p>La d\u00e9cision du comit\u00e9 de d\u00e9molition a notamment \u00e9t\u00e9 bas\u00e9e sur le fait que l&rsquo;immeuble vis\u00e9 \u00ab est un b\u00e2timent ancien fortement modifi\u00e9 dont l&rsquo;\u00e9tat d&rsquo;authenticit\u00e9 est consid\u00e9r\u00e9 nul et la valeur intrins\u00e8que moyenne selon la derni\u00e8re \u00e9valuation de l&rsquo;inventaire du patrimoine b\u00e2ti de la Ville de L\u00e9vis \u00bb, peut-on lire dans le proc\u00e8s-verbal du comit\u00e9 de d\u00e9molition d&rsquo;immeubles du 15 novembre 2011. Le projet pr\u00e9liminaire de remplacement, soumis par le promoteur, est jug\u00e9 conforme au r\u00e8glement de zonage en vigueur bien que l&rsquo;on pr\u00e9cise que des modifications devront y \u00eatre apport\u00e9s pour r\u00e9pondre aux exigences du Plan d&rsquo;implantation et d&rsquo;int\u00e9gration architecturale (PIIA).<\/p>\n<p>Pour le comit\u00e9 de citoyens, il s&rsquo;agit d&rsquo;une d\u00e9monstration de m\u00e9pris du patrimoine et des citoyens dans l&rsquo;axe identitaire qu&rsquo;est la c\u00f4te du Passage. \u00ab Aucune protection n&rsquo;est en r\u00e9alit\u00e9 offerte pour le patrimoine b\u00e2ti &#8211; on n\u00e9glige et on d\u00e9molit des maisons &#8211;\u00a0 pour le patrimoine v\u00e9g\u00e9tal &#8211; on coupe les arbres pour construire avec des marges de recul \u00e0 z\u00e9ro &#8211;\u00a0 ni pour le patrimoine visuel &#8211; les \u00ab points de vue \u00bb et les perc\u00e9es visuelles qui font de notre quartier qu&rsquo;il est beau, qu&rsquo;il respire et qu&rsquo;il est agr\u00e9able \u00e0 vire \u00bb, conclut le comit\u00e9.<\/p><\/blockquote>\n<p><a href=\"http:\/\/www.journaldelevis.com\" target=\"_blank\" rel=\"noopener noreferrer\"><img decoding=\"async\" src=\"http:\/\/www.levisurbain.ca\/images\/ici_jdlevis.jpg\" alt=\"\" border=\"0\" \/><\/a><br \/>\nReproduit avec autorisation.<\/p>\n","protected":false},"excerpt":{"rendered":"<p>Article de Nathalie St-Pierre. Le Journal de L\u00e9vis. Les \u00e9lus de la Ville de L\u00e9vis ont rendu leur verdict le 2 avril dernier et ont confirm\u00e9 la d\u00e9cision du comit\u00e9 de d\u00e9molition autorisant la d\u00e9molition du 35-37 c\u00f4te du Passage. \u00ab Un pas de plus vers la d\u00e9naturation du Vieux-L\u00e9vis d\u00e9j\u00e0 bien entam\u00e9e \u00bb, a\u2026 <span class=\"read-more\"><a href=\"https:\/\/www.levisurbain.ca\/?p=4788\">Lire la suite &raquo;<\/a><\/span><\/p>\n","protected":false},"author":1,"featured_media":0,"comment_status":"open","ping_status":"open","sticky":false,"template":"","format":"standard","meta":{"footnotes":""},"categories":[55,68],"tags":[],"class_list":["post-4788","post","type-post","status-publish","format-standard","hentry","category-habitation","category-patrimoine"],"_links":{"self":[{"href":"https:\/\/www.levisurbain.ca\/index.php?rest_route=\/wp\/v2\/posts\/4788","targetHints":{"allow":["GET"]}}],"collection":[{"href":"https:\/\/www.levisurbain.ca\/index.php?rest_route=\/wp\/v2\/posts"}],"about":[{"href":"https:\/\/www.levisurbain.ca\/index.php?rest_route=\/wp\/v2\/types\/post"}],"author":[{"embeddable":true,"href":"https:\/\/www.levisurbain.ca\/index.php?rest_route=\/wp\/v2\/users\/1"}],"replies":[{"embeddable":true,"href":"https:\/\/www.levisurbain.ca\/index.php?rest_route=%2Fwp%2Fv2%2Fcomments&post=4788"}],"version-history":[{"count":0,"href":"https:\/\/www.levisurbain.ca\/index.php?rest_route=\/wp\/v2\/posts\/4788\/revisions"}],"wp:attachment":[{"href":"https:\/\/www.levisurbain.ca\/index.php?rest_route=%2Fwp%2Fv2%2Fmedia&parent=4788"}],"wp:term":[{"taxonomy":"category","embeddable":true,"href":"https:\/\/www.levisurbain.ca\/index.php?rest_route=%2Fwp%2Fv2%2Fcategories&post=4788"},{"taxonomy":"post_tag","embeddable":true,"href":"https:\/\/www.levisurbain.ca\/index.php?rest_route=%2Fwp%2Fv2%2Ftags&post=4788"}],"curies":[{"name":"wp","href":"https:\/\/api.w.org\/{rel}","templated":true}]}}