{"id":4781,"date":"2012-04-03T06:42:49","date_gmt":"2012-04-03T10:42:49","guid":{"rendered":"http:\/\/www.levisurbain.ca\/?p=4781"},"modified":"2024-04-21T16:39:15","modified_gmt":"2024-04-21T20:39:15","slug":"la-fin-dune-epoque","status":"publish","type":"post","link":"https:\/\/www.levisurbain.ca\/?p=4781","title":{"rendered":"La fin d&rsquo;une \u00e9poque"},"content":{"rendered":"<p>Article de Nathalie St-Pierre. <a href=\"http:\/\/www.journaldelevis.com\/fr\/accueil.aspx\" target=\"_blank\" rel=\"noopener noreferrer\">Le Journal de L\u00e9vis<\/a>.<\/p>\n<blockquote><p><img loading=\"lazy\" decoding=\"async\" src=\"http:\/\/www.levisurbain.ca\/wp-content\/uploads\/capitaine_jdlevis.jpg\" alt=\"\" width=\"475\" height=\"320\" \/><\/p>\n<p><strong>Le casse-cro\u00fbte Le Capitaine, install\u00e9 tout \u00e0 c\u00f4t\u00e9 de la Traverse de L\u00e9vis depuis une soixantaine d&rsquo;ann\u00e9es, dont 40 ann\u00e9es dans le b\u00e2timent actuel, ne reprendra pas ses activit\u00e9s cet \u00e9t\u00e9.<\/strong><\/p>\n<p>Le propri\u00e9taire des 27 derni\u00e8res ann\u00e9es, Pierre Gauvreau, a officiellement mis en vente le fonds de commerce. L&rsquo;acqu\u00e9reur \u00e9ventuel pourra aussi acheter la b\u00e2tisse s&rsquo;il le d\u00e9sire et la d\u00e9placer. \u00ab Je souhaite que \u00e7a continue, a confi\u00e9 M. Gauvreau. Le nouveau propri\u00e9taire devra se trouver un terrain, mais je crois que quelqu&rsquo;un qui le veut vraiment va trouver. \u00bb<\/p>\n<p>M. Gauvreau a profit\u00e9 de l&rsquo;occasion pour remercier sa fid\u00e8le client\u00e8le et l&rsquo;assurer que toutes les recettes qui faisaient le succ\u00e8s du casse-cro\u00fbte Le Capitaine seront transmises aux nouveaux propri\u00e9taires.<\/p>\n<p>La vente du commerce fait suite \u00e0 l&rsquo;achat, par la Ville de L\u00e9vis, du terrain sur lequel est install\u00e9 le casse-cro\u00fbte. Rappelons que l&rsquo;achat de ce terrain s&rsquo;inscrit dans les acquisitions entourant la revitalisation du secteur de la traverse dont les travaux devraient commencer incessamment. La Ville de L\u00e9vis prendra possession du terrain du casse-cro\u00fbte en juillet.<\/p><\/blockquote>\n<p><a href=\"http:\/\/www.journaldelevis.com\" target=\"_blank\" rel=\"noopener noreferrer\"><img decoding=\"async\" src=\"http:\/\/www.levisurbain.ca\/wp-content\/uploads\/ici_jdlevis.jpg\" alt=\"\" border=\"0\" \/><\/a><br \/>\nReproduit avec autorisation.<\/p>\n","protected":false},"excerpt":{"rendered":"<p>Article de Nathalie St-Pierre. <a href=\"http:\/\/www.journaldelevis.com\/fr\/accueil.aspx\" target=\"_blank\" rel=\"noopener noreferrer\">Le Journal de L\u00e9vis<\/a>.<\/p>\n<blockquote><p><img loading=\"lazy\" decoding=\"async\" src=\"http:\/\/www.levisurbain.ca\/wp-content\/uploads\/capitaine_jdlevis.jpg\" alt=\"\" width=\"475\" height=\"320\" \/><\/p>\n<p><strong>Le casse-cro\u00fbte Le Capitaine, install\u00e9 tout \u00e0 c\u00f4t\u00e9 de la Traverse de L\u00e9vis depuis une soixantaine d&rsquo;ann\u00e9es, dont 40 ann\u00e9es dans le b\u00e2timent actuel, ne reprendra pas ses activit\u00e9s cet \u00e9t\u00e9.<\/strong><\/p>\n<p>Le propri\u00e9taire des 27 derni\u00e8res ann\u00e9es, Pierre Gauvreau, a officiellement mis en vente le fonds de commerce. L&rsquo;acqu\u00e9reur \u00e9ventuel pourra aussi acheter la b\u00e2tisse s&rsquo;il le d\u00e9sire et la d\u00e9placer. \u00ab Je souhaite que \u00e7a continue, a confi\u00e9 M. Gauvreau. Le nouveau propri\u00e9taire devra se trouver un terrain, mais je crois que quelqu&rsquo;un qui le veut vraiment va trouver. \u00bb<\/p>\n<p>M. Gauvreau a profit\u00e9 de l&rsquo;occasion pour remercier sa fid\u00e8le client\u00e8le et l&rsquo;assurer que toutes les recettes qui faisaient le succ\u00e8s du casse-cro\u00fbte Le Capitaine seront transmises aux nouveaux propri\u00e9taires.<\/p>\n<p>La vente du commerce fait suite \u00e0 l&rsquo;achat, par la Ville de L\u00e9vis, du terrain sur lequel est install\u00e9 le casse-cro\u00fbte. Rappelons que l&rsquo;achat de ce terrain s&rsquo;inscrit dans les acquisitions entourant la revitalisation du secteur de la traverse dont les travaux devraient commencer incessamment. La Ville de L\u00e9vis prendra possession du terrain du casse-cro\u00fbte en juillet.<\/p><\/blockquote>\n<p><a href=\"http:\/\/www.journaldelevis.com\" target=\"_blank\" rel=\"noopener noreferrer\"><img decoding=\"async\" src=\"http:\/\/www.levisurbain.ca\/wp-content\/uploads\/ici_jdlevis.jpg\" alt=\"\" border=\"0\" \/><\/a><br \/>\nReproduit avec autorisation.<\/p>\n","protected":false},"author":1,"featured_media":0,"comment_status":"open","ping_status":"open","sticky":false,"template":"","format":"standard","meta":{"footnotes":""},"categories":[58],"tags":[62],"class_list":["post-4781","post","type-post","status-publish","format-standard","hentry","category-commerce-economie","tag-traverse-de-levis"],"_links":{"self":[{"href":"https:\/\/www.levisurbain.ca\/index.php?rest_route=\/wp\/v2\/posts\/4781","targetHints":{"allow":["GET"]}}],"collection":[{"href":"https:\/\/www.levisurbain.ca\/index.php?rest_route=\/wp\/v2\/posts"}],"about":[{"href":"https:\/\/www.levisurbain.ca\/index.php?rest_route=\/wp\/v2\/types\/post"}],"author":[{"embeddable":true,"href":"https:\/\/www.levisurbain.ca\/index.php?rest_route=\/wp\/v2\/users\/1"}],"replies":[{"embeddable":true,"href":"https:\/\/www.levisurbain.ca\/index.php?rest_route=%2Fwp%2Fv2%2Fcomments&post=4781"}],"version-history":[{"count":3,"href":"https:\/\/www.levisurbain.ca\/index.php?rest_route=\/wp\/v2\/posts\/4781\/revisions"}],"predecessor-version":[{"id":16649,"href":"https:\/\/www.levisurbain.ca\/index.php?rest_route=\/wp\/v2\/posts\/4781\/revisions\/16649"}],"wp:attachment":[{"href":"https:\/\/www.levisurbain.ca\/index.php?rest_route=%2Fwp%2Fv2%2Fmedia&parent=4781"}],"wp:term":[{"taxonomy":"category","embeddable":true,"href":"https:\/\/www.levisurbain.ca\/index.php?rest_route=%2Fwp%2Fv2%2Fcategories&post=4781"},{"taxonomy":"post_tag","embeddable":true,"href":"https:\/\/www.levisurbain.ca\/index.php?rest_route=%2Fwp%2Fv2%2Ftags&post=4781"}],"curies":[{"name":"wp","href":"https:\/\/api.w.org\/{rel}","templated":true}]}}