{"id":4735,"date":"2012-03-30T23:16:58","date_gmt":"2012-03-31T03:16:58","guid":{"rendered":"http:\/\/www.levisurbain.ca\/?p=4735"},"modified":"2020-03-01T15:53:43","modified_gmt":"2020-03-01T20:53:43","slug":"radars-photo-dans-les-zones-scolaires","status":"publish","type":"post","link":"https:\/\/www.levisurbain.ca\/?p=4735","title":{"rendered":"Radars photo dans les zones scolaires ?"},"content":{"rendered":"<p>Article de Jos\u00e9e Guillemette. Le Peuple L\u00e9vis.<\/p>\n<blockquote><p><strong>La vitesse excessive des automobilistes dans certaines zones scolaires donne du fil \u00e0 retordre aux autorit\u00e9s. Pour enrayer la situation, la Ville de L\u00e9vis pense \u00e0 imiter l&rsquo;initiative de la Ville de Qu\u00e9bec en ce qui concerne les radars photo.<\/strong><\/p>\n<p>Selon Guy Dumoulin, pr\u00e9sident du comit\u00e9 de circulation de la Ville, \u00ab on va suivre de pr\u00e8s le dossier des radars photo install\u00e9s dans les zones scolaires \u00e0 Qu\u00e9bec et si les r\u00e9sultats sont concluants, il y a des chances qu&rsquo;on adopte aussi cette mesure \u00e0 L\u00e9vis \u00bb.<\/p>\n<p>Bien que la Commission scolaire des Navigateurs (CSDN) ait mis en place plusieurs syst\u00e8mes pour faire respecter la limite de 30 km\/h dans les zones scolaires aux cours des deux derni\u00e8res ann\u00e9es, il semble que les radars photo soient \u00e9galement une solution int\u00e9ressante.<\/p>\n<p>\u00ab Il faut avoir une vari\u00e9t\u00e9 de solutions pour r\u00e9pondre aux besoins de chaque secteur. Quand on fait l&rsquo;analyse de la situation de toutes les zones scolaires, on se rend compte que les solutions actuelles ne sont pas toutes bonnes. Par exemple, on ne peut pas installer des dos d&rsquo;\u00e2ne partout parce qu&rsquo;on a certains crit\u00e8res \u00e0 respecter. C&rsquo;est pour cette raison que les radars photo sont certainement une bonne solution \u00bb, mentionne Denise Dubois, responsable du transport scolaire et des mesures de s\u00e9curit\u00e9 de la CSDN.<\/p><\/blockquote>\n<p><img decoding=\"async\" src=\"http:\/\/www.levisurbain.ca\/images\/peuple_levis.gif\" alt=\"\" border=\"0\" \/><br \/>\nReproduit avec autorisation au moment de la publication.<\/p>\n","protected":false},"excerpt":{"rendered":"<p>Article de Jos\u00e9e Guillemette. Le Peuple L\u00e9vis. La vitesse excessive des automobilistes dans certaines zones scolaires donne du fil \u00e0 retordre aux autorit\u00e9s. Pour enrayer la situation, la Ville de L\u00e9vis pense \u00e0 imiter l&rsquo;initiative de la Ville de Qu\u00e9bec en ce qui concerne les radars photo. Selon Guy Dumoulin, pr\u00e9sident du comit\u00e9 de circulation\u2026 <span class=\"read-more\"><a href=\"https:\/\/www.levisurbain.ca\/?p=4735\">Lire la suite &raquo;<\/a><\/span><\/p>\n","protected":false},"author":5,"featured_media":0,"comment_status":"open","ping_status":"open","sticky":false,"template":"","format":"standard","meta":{"footnotes":""},"categories":[65,60],"tags":[],"class_list":["post-4735","post","type-post","status-publish","format-standard","hentry","category-gouvernement","category-transports"],"_links":{"self":[{"href":"https:\/\/www.levisurbain.ca\/index.php?rest_route=\/wp\/v2\/posts\/4735","targetHints":{"allow":["GET"]}}],"collection":[{"href":"https:\/\/www.levisurbain.ca\/index.php?rest_route=\/wp\/v2\/posts"}],"about":[{"href":"https:\/\/www.levisurbain.ca\/index.php?rest_route=\/wp\/v2\/types\/post"}],"author":[{"embeddable":true,"href":"https:\/\/www.levisurbain.ca\/index.php?rest_route=\/wp\/v2\/users\/5"}],"replies":[{"embeddable":true,"href":"https:\/\/www.levisurbain.ca\/index.php?rest_route=%2Fwp%2Fv2%2Fcomments&post=4735"}],"version-history":[{"count":0,"href":"https:\/\/www.levisurbain.ca\/index.php?rest_route=\/wp\/v2\/posts\/4735\/revisions"}],"wp:attachment":[{"href":"https:\/\/www.levisurbain.ca\/index.php?rest_route=%2Fwp%2Fv2%2Fmedia&parent=4735"}],"wp:term":[{"taxonomy":"category","embeddable":true,"href":"https:\/\/www.levisurbain.ca\/index.php?rest_route=%2Fwp%2Fv2%2Fcategories&post=4735"},{"taxonomy":"post_tag","embeddable":true,"href":"https:\/\/www.levisurbain.ca\/index.php?rest_route=%2Fwp%2Fv2%2Ftags&post=4735"}],"curies":[{"name":"wp","href":"https:\/\/api.w.org\/{rel}","templated":true}]}}