{"id":24580,"date":"2026-03-16T15:29:37","date_gmt":"2026-03-16T19:29:37","guid":{"rendered":"https:\/\/www.levisurbain.ca\/?p=24580"},"modified":"2026-03-16T15:29:37","modified_gmt":"2026-03-16T19:29:37","slug":"le-moratoire-sur-la-construction-prolonge-pour-deux-ans","status":"publish","type":"post","link":"https:\/\/www.levisurbain.ca\/?p=24580","title":{"rendered":"Le moratoire sur la construction prolong\u00e9 pour deux ans"},"content":{"rendered":"<p>Article de Xavier Nicole. <a href=\"http:\/\/www.journaldelevis.com\/\" rel=\"noopener\" target=\"_blank\">Le Journal de L\u00e9vis<\/a>.<\/p>\n<blockquote><p><strong>\u00c0 l\u2019honneur lors du plus r\u00e9cent Rendez-vous politique de la Chambre de commerce et d\u2019industrie du Grand L\u00e9vis (CCIGL) au Centre des congr\u00e8s, le maire de L\u00e9vis, Steven Blaney, a confirm\u00e9 que le moratoire sur la construction sera reconduit pour deux autres ann\u00e9es.<\/strong><\/p>\n<p>Le plan pr\u00e9sent\u00e9 par le premier citoyen comprend la reconduction du moratoire en vigueur sur les deux tiers du territoire en novembre 2026 pour deux ans, suivi par le d\u00e9but des chantiers visant l\u2019augmentation de la capacit\u00e9 des stations de traitement des eaux us\u00e9es (STEU) de Desjardins et Saint-Nicolas en 2027. Puis, c\u2019est en 2029 qu\u2019est pr\u00e9vue la fin de ces chantiers.<\/p>\n<p>D\u2019ailleurs, ce ne sont pas moins de 603 M$ en investissements li\u00e9s \u00e0 l\u2019am\u00e9lioration et la p\u00e9rennit\u00e9 des infrastructures d\u2019eau qui sont pr\u00e9vus entre 2021 et 2030, dont pr\u00e8s de 220 M$ pour le traitement des eaux us\u00e9es.<\/p>\n<p><a name=\"more\"><\/a>\u00ab Ce ne sera pas n\u00e9cessaire de renouveler le moratoire en 2028. [\u2026] Il va se terminer en novembre 2028 et on pr\u00e9voit que nos stations soient en op\u00e9ration six mois plus tard. [\u2026] \u00c9videmment, c\u2019est le conseil municipal qui d\u00e9cide de la mise en \u0153uvre du moratoire, mais on n\u2019a pas l\u2019intention de prolonger le moratoire au-del\u00e0 de novembre 2028. C\u2019est une intention ferme. L\u00e9galement, je ne pense m\u00eame pas qu\u2019on a le droit \u00bb, a mentionn\u00e9 M. Blaney.<\/p>\n<p>Cependant, le maire a aussi soulev\u00e9 l\u2019id\u00e9e que certains projets pourraient profiter d\u2019une lev\u00e9e d\u00e8s 2027 selon certains crit\u00e8res de s\u00e9lection qui seront \u00e9tablis lors de consultations publiques \u00e0 venir.<\/p>\n<p>\u00ab \u00c7a va vraiment \u00eatre des projets cr\u00e9ateurs de richesse qui vont aussi amener de la qualit\u00e9 de vie, mais \u00e9videmment, on va honorer les engagements qu\u2019on a pris comme Ville. \u00c0 partir du moment o\u00f9 nos stations de traitement des eaux us\u00e9es sont en construction, on va \u00eatre en mesure de consid\u00e9rer et \u00e9mettre des permis de construction \u00bb, a expliqu\u00e9 Steven Blaney.<\/p>\n<p><strong>R\u00e9actions<\/strong><br \/>\nApr\u00e8s la pr\u00e9sentation du maire, bon nombre d\u2019\u00e9lus municipaux et acteurs du monde politique l\u00e9visien ont indiqu\u00e9 \u00eatre satisfaits de voir le moratoire \u00eatre reconduit, mais que certains questionnements \u00e9taient toujours sans r\u00e9ponse.<\/p>\n<p>\u00ab Je suis agr\u00e9ablement surpris de la pr\u00e9sentation qui a \u00e9t\u00e9 faite, a partag\u00e9 l\u2019ancien maire de L\u00e9vis, Gilles Lehouillier. C\u2019est exactement le plan de match qu\u2019on s\u2019\u00e9tait donn\u00e9. Ce que j\u2019ai entendu aujourd\u2019hui, c\u2019est de la musique \u00e0 nos oreilles. [\u2026] Ce sont les m\u00eames \u00e9ch\u00e9anciers qu\u2019on a pr\u00e9sent\u00e9s devant les gens d\u2019affaires. Il s\u2019inscrit dans la continuit\u00e9, mais je pense qu\u2019on est sur la bonne voie et on va r\u00e9ussir \u00e0 d\u00e9bloquer les unit\u00e9s d\u2019habitation dont on a besoin. \u00bb<\/p>\n<p>Repensons L\u00e9vis et L\u00e9vis Force 10 ont abord\u00e9 dans le m\u00eame sens, questionnant cependant la possibilit\u00e9 d\u2019accorder certains permis de construction d\u00e8s 2027.<\/p>\n<p>\u00ab C\u2019\u00e9tait pr\u00e9visible. [\u2026] M. Blaney a un regard tr\u00e8s positif sur les choses, des lunettes assez roses. Je salue cette fa\u00e7on de voir le positivisme dans la vie, mais il faut quand m\u00eame nommer un chat un chat : en ce moment, on est normalement en infraction, on d\u00e9borde. Quand on parle de lev\u00e9e en 2027 pour certains projets, comment on va faire l\u00e9galement pour prioriser des projets par rapport \u00e0 d\u2019autres? Je n\u2019ai pas cette r\u00e9ponse-l\u00e0 \u00bb, a lanc\u00e9 le chef de Repensons L\u00e9vis, Serge Bonin.<\/p>\n<p>\u00ab On est satisfaits de continuer le moratoire pour deux ans, \u00e7a nous donne le temps de revoir nos r\u00e8glements de zonage et le sch\u00e9ma d\u2019am\u00e9nagement. On va s\u2019assurer que le d\u00e9veloppement qui va suivre la lev\u00e9e du moratoire soit en ad\u00e9quation avec nos capacit\u00e9s. [\u2026] On l\u2019a appris en m\u00eame temps que vous (la possibilit\u00e9 de permettre certains projets en 2027), donc \u00e7a nous am\u00e8ne quelques questionnements. Dans les prochaines semaines, on va poser des questions \u00e0 savoir pourquoi on privil\u00e9gierait certains projets versus d\u2019autres quand tous les projets sont conformes \u00e0 la r\u00e8glementation municipale \u00bb, ont conclu les \u00e9lus de L\u00e9vis Force 10, Karine Lavertu et Benoit Forget-Chiasson.<\/p><\/blockquote>\n<p><a href=\"http:\/\/www.journaldelevis.com\/\" target=\"_blank\" rel=\"noopener noreferrer\"><img decoding=\"async\" src=\"http:\/\/www.levisurbain.ca\/wp-content\/uploads\/2017\/04\/jdl_logo2012.png\" alt=\"\" \/><\/a><br \/>\nReproduit avec autorisation.<\/p>\n","protected":false},"excerpt":{"rendered":"<p>Article de Xavier Nicole. <a href=\"http:\/\/www.journaldelevis.com\/\" rel=\"noopener\" target=\"_blank\">Le Journal de L\u00e9vis<\/a>.<\/p>\n<blockquote><p><strong>\u00c0 l\u2019honneur lors du plus r\u00e9cent Rendez-vous politique de la Chambre de commerce et d\u2019industrie du Grand L\u00e9vis (CCIGL) au Centre des congr\u00e8s, le maire de L\u00e9vis, Steven Blaney, a confirm\u00e9 que le moratoire sur la construction sera reconduit pour deux autres ann\u00e9es.<\/strong><\/p>\n<p>Le plan pr\u00e9sent\u00e9 par le premier citoyen comprend la reconduction du moratoire en vigueur sur les deux tiers du territoire en novembre 2026 pour deux ans, suivi par le d\u00e9but des chantiers visant l\u2019augmentation de la capacit\u00e9 des stations de traitement des eaux us\u00e9es (STEU) de Desjardins et Saint-Nicolas en 2027. Puis, c\u2019est en 2029 qu\u2019est pr\u00e9vue la fin de ces chantiers.<\/p>\n<p>D\u2019ailleurs, ce ne sont pas moins de 603 M$ en investissements li\u00e9s \u00e0 l\u2019am\u00e9lioration et la p\u00e9rennit\u00e9 des infrastructures d\u2019eau qui sont pr\u00e9vus entre 2021 et 2030, dont pr\u00e8s de 220 M$ pour le traitement des eaux us\u00e9es.<\/p>\n<p><a name=\"more\"><\/a>\u00ab Ce ne sera pas n\u00e9cessaire de renouveler le moratoire en 2028. [\u2026] Il va se terminer en novembre 2028 et on pr\u00e9voit que nos stations soient en op\u00e9ration six mois plus tard. [\u2026] \u00c9videmment, c\u2019est le conseil municipal qui d\u00e9cide de la mise en \u0153uvre du moratoire, mais on n\u2019a pas l\u2019intention de prolonger le moratoire au-del\u00e0 de novembre 2028. C\u2019est une intention ferme. L\u00e9galement, je ne pense m\u00eame pas qu\u2019on a le droit \u00bb, a mentionn\u00e9 M. Blaney.<\/p><\/blockquote>\n<p><a href=\"https:\/\/www.levisurbain.ca\/?p=24580#more\">Lire la suite \u00bb<\/a><\/p>\n","protected":false},"author":5,"featured_media":0,"comment_status":"open","ping_status":"open","sticky":false,"template":"","format":"standard","meta":{"footnotes":""},"categories":[65,55],"tags":[],"class_list":["post-24580","post","type-post","status-publish","format-standard","hentry","category-gouvernement","category-habitation"],"_links":{"self":[{"href":"https:\/\/www.levisurbain.ca\/index.php?rest_route=\/wp\/v2\/posts\/24580","targetHints":{"allow":["GET"]}}],"collection":[{"href":"https:\/\/www.levisurbain.ca\/index.php?rest_route=\/wp\/v2\/posts"}],"about":[{"href":"https:\/\/www.levisurbain.ca\/index.php?rest_route=\/wp\/v2\/types\/post"}],"author":[{"embeddable":true,"href":"https:\/\/www.levisurbain.ca\/index.php?rest_route=\/wp\/v2\/users\/5"}],"replies":[{"embeddable":true,"href":"https:\/\/www.levisurbain.ca\/index.php?rest_route=%2Fwp%2Fv2%2Fcomments&post=24580"}],"version-history":[{"count":1,"href":"https:\/\/www.levisurbain.ca\/index.php?rest_route=\/wp\/v2\/posts\/24580\/revisions"}],"predecessor-version":[{"id":24581,"href":"https:\/\/www.levisurbain.ca\/index.php?rest_route=\/wp\/v2\/posts\/24580\/revisions\/24581"}],"wp:attachment":[{"href":"https:\/\/www.levisurbain.ca\/index.php?rest_route=%2Fwp%2Fv2%2Fmedia&parent=24580"}],"wp:term":[{"taxonomy":"category","embeddable":true,"href":"https:\/\/www.levisurbain.ca\/index.php?rest_route=%2Fwp%2Fv2%2Fcategories&post=24580"},{"taxonomy":"post_tag","embeddable":true,"href":"https:\/\/www.levisurbain.ca\/index.php?rest_route=%2Fwp%2Fv2%2Ftags&post=24580"}],"curies":[{"name":"wp","href":"https:\/\/api.w.org\/{rel}","templated":true}]}}