{"id":24555,"date":"2026-01-30T16:18:07","date_gmt":"2026-01-30T21:18:07","guid":{"rendered":"https:\/\/www.levisurbain.ca\/?p=24555"},"modified":"2026-01-30T16:18:34","modified_gmt":"2026-01-30T21:18:34","slug":"levis-abandonne-lidee-dexproprier-une-partie-des-terrains-de-valero","status":"publish","type":"post","link":"https:\/\/www.levisurbain.ca\/?p=24555","title":{"rendered":"L\u00e9vis abandonne l&rsquo;id\u00e9e d&rsquo;exproprier une partie des terrains de Valero"},"content":{"rendered":"<p>Nous apprenons qu&rsquo;apr\u00e8s quatre ans de d\u00e9marches, la Ville de L\u00e9vis abandonne l\u2019id\u00e9e d\u2019exproprier Valero d\u2019une partie de ses terrains. La Ville souhaitait agrandir un parc industriel en coupant dans la ceinture verte de la raffinerie.<\/p>\n<p>Le conseil municipal a officiellement mis fin \u00e0 un recours lanc\u00e9 en 2021 pour exproprier une partie d&rsquo;un lot de la rue Perreault, pr\u00e8s de l&rsquo;usine de Valero.<\/p>\n<p>Le terrain en question se situe \u00e0 quelques centaines de m\u00e8tres tout au plus des r\u00e9servoirs de la raffinerie Jean-Gaulin. Les maisons les plus proches sont situ\u00e9es quant \u00e0 elles \u00e0 bonne distance de la raffinerie, plus au nord.<\/p>\n<p>La Ville de L\u00e9vis, qui voulait remettre rapidement le terrain sur le march\u00e9 \u00e0 des fins de d\u00e9veloppement industriel, contestait l\u2019interpr\u00e9tation de Valero sur l\u2019importance de ce bois\u00e9 au \u00ab potentiel \u00e9cologique peu \u00e9lev\u00e9 \u00bb.<\/p>\n<p>\u00ab On est loin d\u2019une ceinture verte quand on parle d\u2019un parc industriel o\u00f9 il y a des occupants. C\u2019est un terrain situ\u00e9 entre deux rues publiques. Il y a des constructions au nord comme au sud. C\u2019est dans une zone industrielle, sur une rue pleinement d\u00e9velopp\u00e9e sauf ce trou-l\u00e0 \u00bb, avait mentionn\u00e9 en 2021 le directeur du d\u00e9veloppement \u00e9conomique de la Ville. <\/p>\n","protected":false},"excerpt":{"rendered":"<p>Nous apprenons qu&rsquo;apr\u00e8s quatre ans de d\u00e9marches, la Ville de L\u00e9vis abandonne l\u2019id\u00e9e d\u2019exproprier Valero d\u2019une partie de ses terrains. La Ville souhaitait agrandir un parc industriel en coupant dans la ceinture verte de la raffinerie.<\/p>\n<p>Le conseil municipal a officiellement mis fin \u00e0 un recours lanc\u00e9 en 2021 pour exproprier une partie d&rsquo;un lot de la rue Perreault, pr\u00e8s de l&rsquo;usine de Valero.<\/p>\n<p>Le terrain en question se situe \u00e0 quelques centaines de m\u00e8tres tout au plus des r\u00e9servoirs de la raffinerie Jean-Gaulin. Les maisons les plus proches sont situ\u00e9es quant \u00e0 elles \u00e0 bonne distance de la raffinerie, plus au nord.<\/p>\n<p>La Ville de L\u00e9vis, qui voulait remettre rapidement le terrain sur le march\u00e9 \u00e0 des fins de d\u00e9veloppement industriel, contestait l\u2019interpr\u00e9tation de Valero sur l\u2019importance de ce bois\u00e9 au \u00ab potentiel \u00e9cologique peu \u00e9lev\u00e9 \u00bb.<\/p>\n<p>\u00ab On est loin d\u2019une ceinture verte quand on parle d\u2019un parc industriel o\u00f9 il y a des occupants. C\u2019est un terrain situ\u00e9 entre deux rues publiques. Il y a des constructions au nord comme au sud. C\u2019est dans une zone industrielle, sur une rue pleinement d\u00e9velopp\u00e9e sauf ce trou-l\u00e0 \u00bb, avait mentionn\u00e9 en 2021 le directeur du d\u00e9veloppement \u00e9conomique de la Ville. <\/p>\n","protected":false},"author":5,"featured_media":0,"comment_status":"open","ping_status":"open","sticky":false,"template":"","format":"standard","meta":{"footnotes":""},"categories":[71,65,74],"tags":[82],"class_list":["post-24555","post","type-post","status-publish","format-standard","hentry","category-environnement","category-gouvernement","category-industriel","tag-ultramar-valero"],"_links":{"self":[{"href":"https:\/\/www.levisurbain.ca\/index.php?rest_route=\/wp\/v2\/posts\/24555","targetHints":{"allow":["GET"]}}],"collection":[{"href":"https:\/\/www.levisurbain.ca\/index.php?rest_route=\/wp\/v2\/posts"}],"about":[{"href":"https:\/\/www.levisurbain.ca\/index.php?rest_route=\/wp\/v2\/types\/post"}],"author":[{"embeddable":true,"href":"https:\/\/www.levisurbain.ca\/index.php?rest_route=\/wp\/v2\/users\/5"}],"replies":[{"embeddable":true,"href":"https:\/\/www.levisurbain.ca\/index.php?rest_route=%2Fwp%2Fv2%2Fcomments&post=24555"}],"version-history":[{"count":2,"href":"https:\/\/www.levisurbain.ca\/index.php?rest_route=\/wp\/v2\/posts\/24555\/revisions"}],"predecessor-version":[{"id":24557,"href":"https:\/\/www.levisurbain.ca\/index.php?rest_route=\/wp\/v2\/posts\/24555\/revisions\/24557"}],"wp:attachment":[{"href":"https:\/\/www.levisurbain.ca\/index.php?rest_route=%2Fwp%2Fv2%2Fmedia&parent=24555"}],"wp:term":[{"taxonomy":"category","embeddable":true,"href":"https:\/\/www.levisurbain.ca\/index.php?rest_route=%2Fwp%2Fv2%2Fcategories&post=24555"},{"taxonomy":"post_tag","embeddable":true,"href":"https:\/\/www.levisurbain.ca\/index.php?rest_route=%2Fwp%2Fv2%2Ftags&post=24555"}],"curies":[{"name":"wp","href":"https:\/\/api.w.org\/{rel}","templated":true}]}}