{"id":15941,"date":"2023-06-11T16:11:53","date_gmt":"2023-06-11T20:11:53","guid":{"rendered":"http:\/\/www.levisurbain.ca\/?p=15941"},"modified":"2024-07-06T16:45:35","modified_gmt":"2024-07-06T20:45:35","slug":"le-pont-de-quebec-temoin-de-lhistoire-et-chef-doeuvre-dingenierie","status":"publish","type":"post","link":"https:\/\/www.levisurbain.ca\/?p=15941","title":{"rendered":"Le pont de Qu\u00e9bec : T\u00e9moin de l&rsquo;Histoire et chef-d&rsquo;\u0153uvre d&rsquo;ing\u00e9nierie"},"content":{"rendered":"<p>V\u00e9ritable joyau et ic\u00f4ne de la grande r\u00e9gion de Qu\u00e9bec au m\u00eame titre que le v\u00e9n\u00e9rable Ch\u00e2teau Frontenac, le pont de Qu\u00e9bec est un symbole que l\u2019on a vu se d\u00e9t\u00e9riorer de plus en plus au fil des trente derni\u00e8res ann\u00e9es.<\/p>\n<p><strong>En octobre 2015, les candidats lib\u00e9raux f\u00e9d\u00e9raux aux \u00e9lections faisaient de l\u2019enjeu du sort de l\u2019entretien du pont de Qu\u00e9bec une<\/strong> <a href=\"https:\/\/numerique.banq.qc.ca\/patrimoine\/details\/52327\/3539956?docpos=7\" rel=\"noopener\" target=\"_blank\">promesse phare de leur campagne \u00e9lectorale<\/a>. <strong>Presque huit ans plus tard, le sort du v\u00e9n\u00e9rable pont n\u2019a toujours pas \u00e9t\u00e9 r\u00e9gl\u00e9 et celui-ci continu \u00e0 se d\u00e9t\u00e9riorer.<\/strong><\/p>\n<p>Se voulant un moyen de faire pression sur les \u00e9lus et un moyen agr\u00e9able d\u2019en apprendre un peu plus sur le pont de Qu\u00e9bec, notre s\u00e9rie d&rsquo;articles <em>Le Pont de Qu\u00e9bec : T\u00e9moin de l&rsquo;Histoire et chef-d&rsquo;\u0153uvre d&rsquo;ing\u00e9nierie<\/em> va se consacrer \u00e0 l&rsquo;histoire fascinante du pont de Qu\u00e9bec. Ce monument embl\u00e9matique, qui enjambe majestueusement le fleuve Saint-Laurent, est bien plus qu&rsquo;une simple structure d&rsquo;acier et de b\u00e9ton. Au fil des d\u00e9cennies, le pont de Qu\u00e9bec a tiss\u00e9 des liens avec l&rsquo;histoire, l&rsquo;ing\u00e9nierie et les personnes qui ont contribu\u00e9 \u00e0 sa construction et \u00e0 son h\u00e9ritage. <\/p>\n<p>\u00c0 travers cette s\u00e9rie, nous plongerons dans les d\u00e9tails passionnants de sa conception, de ses d\u00e9fis de construction, de ses triomphes et de ses trag\u00e9dies. Nous d\u00e9couvrirons les personnalit\u00e9s qui ont fa\u00e7onn\u00e9 ce chef-d&rsquo;oeuvre d&rsquo;ing\u00e9nierie, les \u00e9v\u00e9nements qui ont marqu\u00e9 son histoire et l&rsquo;impact qu&rsquo;il a eu sur la r\u00e9gion de Qu\u00e9bec et au-del\u00e0.<\/p>\n<p><img decoding=\"async\" src=\"http:\/\/www.levisurbain.ca\/wp-content\/uploads\/PQ_LJNovaScotia_small.jpg\" alt=\"\"\/><br \/>\n<small>Image par <a href=\"https:\/\/pixabay.com\/fr\/users\/ljnovascotia-1859446\/?utm_source=link-attribution&#038;utm_medium=referral&#038;utm_campaign=image&#038;utm_content=1446577\">LJNovaScotia<\/a> de <a href=\"https:\/\/pixabay.com\/fr\/\/?utm_source=link-attribution&#038;utm_medium=referral&#038;utm_campaign=image&#038;utm_content=1446577\">Pixabay<\/a>.<\/small><\/p>\n<p>Rejoignez-nous alors que nous voyageons \u00e0 travers le temps pour explorer les r\u00e9cits cach\u00e9s derri\u00e8re le pont de Qu\u00e9bec, une ic\u00f4ne qui a transcend\u00e9 les fronti\u00e8res g\u00e9ographiques pour devenir un symbole durable de la t\u00e9nacit\u00e9 humaine et du g\u00e9nie cr\u00e9atif.<\/p>\n","protected":false},"excerpt":{"rendered":"<p>V\u00e9ritable joyau et ic\u00f4ne de la grande r\u00e9gion de Qu\u00e9bec au m\u00eame titre que le v\u00e9n\u00e9rable Ch\u00e2teau Frontenac, le pont de Qu\u00e9bec est un symbole que l\u2019on a vu se d\u00e9t\u00e9riorer de plus en plus au fil des trente derni\u00e8res ann\u00e9es. En octobre 2015, les candidats lib\u00e9raux f\u00e9d\u00e9raux aux \u00e9lections faisaient de l\u2019enjeu du sort\u2026 <span class=\"read-more\"><a href=\"https:\/\/www.levisurbain.ca\/?p=15941\">Lire la suite &raquo;<\/a><\/span><\/p>\n","protected":false},"author":5,"featured_media":0,"comment_status":"open","ping_status":"open","sticky":false,"template":"","format":"standard","meta":{"footnotes":""},"categories":[69,68,60],"tags":[96,73],"class_list":["post-15941","post","type-post","status-publish","format-standard","hentry","category-histoire-urbaine","category-patrimoine","category-transports","tag-histoire-du-pont-de-quebec","tag-pont-de-quebec"],"_links":{"self":[{"href":"https:\/\/www.levisurbain.ca\/index.php?rest_route=\/wp\/v2\/posts\/15941","targetHints":{"allow":["GET"]}}],"collection":[{"href":"https:\/\/www.levisurbain.ca\/index.php?rest_route=\/wp\/v2\/posts"}],"about":[{"href":"https:\/\/www.levisurbain.ca\/index.php?rest_route=\/wp\/v2\/types\/post"}],"author":[{"embeddable":true,"href":"https:\/\/www.levisurbain.ca\/index.php?rest_route=\/wp\/v2\/users\/5"}],"replies":[{"embeddable":true,"href":"https:\/\/www.levisurbain.ca\/index.php?rest_route=%2Fwp%2Fv2%2Fcomments&post=15941"}],"version-history":[{"count":5,"href":"https:\/\/www.levisurbain.ca\/index.php?rest_route=\/wp\/v2\/posts\/15941\/revisions"}],"predecessor-version":[{"id":16010,"href":"https:\/\/www.levisurbain.ca\/index.php?rest_route=\/wp\/v2\/posts\/15941\/revisions\/16010"}],"wp:attachment":[{"href":"https:\/\/www.levisurbain.ca\/index.php?rest_route=%2Fwp%2Fv2%2Fmedia&parent=15941"}],"wp:term":[{"taxonomy":"category","embeddable":true,"href":"https:\/\/www.levisurbain.ca\/index.php?rest_route=%2Fwp%2Fv2%2Fcategories&post=15941"},{"taxonomy":"post_tag","embeddable":true,"href":"https:\/\/www.levisurbain.ca\/index.php?rest_route=%2Fwp%2Fv2%2Ftags&post=15941"}],"curies":[{"name":"wp","href":"https:\/\/api.w.org\/{rel}","templated":true}]}}