{"id":15604,"date":"2015-01-22T13:00:56","date_gmt":"2015-01-22T18:00:56","guid":{"rendered":"http:\/\/www.levisurbain.ca\/?p=15604"},"modified":"2021-11-06T15:44:45","modified_gmt":"2021-11-06T19:44:45","slug":"le-projet-dune-centrale-de-police-est-a-letude","status":"publish","type":"post","link":"https:\/\/www.levisurbain.ca\/?p=15604","title":{"rendered":"Le projet d\u2019une centrale de police est \u00e0 l\u2019\u00e9tude"},"content":{"rendered":"<p>Article de Pierre Duquet. Le Peuple L\u00e9vis.<\/p>\n<blockquote><p><strong>La construction d\u2019une nouvelle centrale de police est \u00e0 l\u2019\u00e9tude et celle-ci pourrait \u00eatre construite au cours des prochaines ann\u00e9es. Il reste n\u00e9anmoins \u00e0 d\u00e9cider si la Ville va en maintenir deux sur son territoire ou regrouper l\u2019ensemble du service de police dans un nouvel \u00e9difice.<\/strong><\/p>\n<p>Le maire Gilles Lehouillier a rappel\u00e9 que le projet de construction d\u2019une centrale de police figurait au Programme triennal d\u2019immobilisations (PTI).<\/p>\n<p>\u00ab C\u2019est pr\u00e9vu qu\u2019on va proc\u00e9der \u00e0 la construction d\u2019une nouvelle centrale de police, a confirm\u00e9 M. Lehouillier. La Direction de la s\u00e9curit\u00e9 publique travaille actuellement \u00e0 l\u2019analyse des besoins. Il faut savoir quelle est la solution optimale. \u00bb<\/p>\n<p>Il semble toutefois ne faire aucun doute que la centrale du boulevard Guillaume-Couture ne r\u00e9pond plus aux besoins.<!--more--><\/p>\n<p><a name=\"more\"><\/a><\/p>\n<p>\u00ab Elle est compl\u00e8tement d\u00e9su\u00e8te par rapport \u00e0 la capacit\u00e9, a-t-il expliqu\u00e9. C\u2019est un poste qui devrait \u00eatre refait compl\u00e8tement et qui est beaucoup trop petit. Il l\u2019\u00e9tait d\u00e9j\u00e0 lors de sa construction, il y a 30 ans. \u00bb<\/p>\n<p>M. Lehouillier a pr\u00e9cis\u00e9 que l\u2019analyse en cours devra conduire \u00e0 proposer un projet le moins co\u00fbteux possible. Y aura-t-il qu\u2019une seule centrale ou deux \u00e0 L\u00e9vis? C\u2019est ce que l\u2019\u00e9tude du projet va contribuer \u00e0 d\u00e9terminer.<\/p>\n<p><strong>Nouvel H\u00f4tel de Ville ?<\/strong><br \/>\nQuant \u00e0 la construction d\u2019un nouvel H\u00f4tel de Ville, le maire a carr\u00e9ment rang\u00e9 ce projet aux oubliettes, comme celui-ci l\u2019avait d\u2019ailleurs indiqu\u00e9 \u00e0 la fin de l\u2019ann\u00e9e derni\u00e8re.<\/p>\n<p>\u00ab On a choisi de conserver l\u2019H\u00f4tel de Ville dans le quartier Saint-Romuald, a-t-il confirm\u00e9. C\u2019est un secteur traditionnel et on veut lancer le signal pour sa pr\u00e9servation. \u00bb<\/p><\/blockquote>\n<p><img decoding=\"async\" src=\"http:\/\/www.levisurbain.ca\/images\/peuple_levis.gif\" alt=\"\" border=\"0\" \/><br \/>\nReproduit avec autorisation au moment de la publication sur ce blogue.<\/p>\n","protected":false},"excerpt":{"rendered":"<p>Article de Pierre Duquet. Le Peuple L\u00e9vis. La construction d\u2019une nouvelle centrale de police est \u00e0 l\u2019\u00e9tude et celle-ci pourrait \u00eatre construite au cours des prochaines ann\u00e9es. Il reste n\u00e9anmoins \u00e0 d\u00e9cider si la Ville va en maintenir deux sur son territoire ou regrouper l\u2019ensemble du service de police dans un nouvel \u00e9difice. Le maire\u2026 <span class=\"read-more\"><a href=\"https:\/\/www.levisurbain.ca\/?p=15604\">Lire la suite &raquo;<\/a><\/span><\/p>\n","protected":false},"author":5,"featured_media":0,"comment_status":"open","ping_status":"open","sticky":false,"template":"","format":"standard","meta":{"footnotes":""},"categories":[65],"tags":[],"class_list":["post-15604","post","type-post","status-publish","format-standard","hentry","category-gouvernement"],"_links":{"self":[{"href":"https:\/\/www.levisurbain.ca\/index.php?rest_route=\/wp\/v2\/posts\/15604","targetHints":{"allow":["GET"]}}],"collection":[{"href":"https:\/\/www.levisurbain.ca\/index.php?rest_route=\/wp\/v2\/posts"}],"about":[{"href":"https:\/\/www.levisurbain.ca\/index.php?rest_route=\/wp\/v2\/types\/post"}],"author":[{"embeddable":true,"href":"https:\/\/www.levisurbain.ca\/index.php?rest_route=\/wp\/v2\/users\/5"}],"replies":[{"embeddable":true,"href":"https:\/\/www.levisurbain.ca\/index.php?rest_route=%2Fwp%2Fv2%2Fcomments&post=15604"}],"version-history":[{"count":0,"href":"https:\/\/www.levisurbain.ca\/index.php?rest_route=\/wp\/v2\/posts\/15604\/revisions"}],"wp:attachment":[{"href":"https:\/\/www.levisurbain.ca\/index.php?rest_route=%2Fwp%2Fv2%2Fmedia&parent=15604"}],"wp:term":[{"taxonomy":"category","embeddable":true,"href":"https:\/\/www.levisurbain.ca\/index.php?rest_route=%2Fwp%2Fv2%2Fcategories&post=15604"},{"taxonomy":"post_tag","embeddable":true,"href":"https:\/\/www.levisurbain.ca\/index.php?rest_route=%2Fwp%2Fv2%2Ftags&post=15604"}],"curies":[{"name":"wp","href":"https:\/\/api.w.org\/{rel}","templated":true}]}}