{"id":15598,"date":"2015-01-17T00:43:39","date_gmt":"2015-01-17T05:43:39","guid":{"rendered":"http:\/\/www.levisurbain.ca\/?p=15598"},"modified":"2021-11-06T15:11:11","modified_gmt":"2021-11-06T19:11:11","slug":"la-ville-investit-53-m-pour-regrouper-son-personnel","status":"publish","type":"post","link":"https:\/\/www.levisurbain.ca\/?p=15598","title":{"rendered":"La Ville investit 5,3 M$ pour regrouper son personnel"},"content":{"rendered":"<p>Article de Pierre Duquet. Le Peuple L\u00e9vis.<\/p>\n<blockquote><p><strong>Le vaste b\u00e2timent du 996, rue de la Concorde, dans le secteur Saint-Romuald, est maintenant la propri\u00e9t\u00e9 de la Ville de L\u00e9vis. Pas moins de 150 fonctionnaires y seront regroup\u00e9s d\u2019ici le 11 f\u00e9vrier. L\u2019achat de cet immeuble devrait permettre des \u00e9conomies annuelles de 600 000 $.<\/strong><\/p>\n<p>Lors du point de presse tenu le 15 janvier, dans des locaux encore inoccup\u00e9s de l\u2019immeuble de la rue de la Concorde, le maire de L\u00e9vis, Gilles Lehouillier, a rappel\u00e9 que l\u2019achat d\u2019un b\u00e2timent administratif permettra de reloger diff\u00e9rentes directions et services municipaux sous un m\u00eame toit.<\/p>\n<p>\u00c0 l\u2019heure actuelle, une partie de cet immeuble est d\u00e9j\u00e0 occup\u00e9 par les directions du D\u00e9veloppement \u00e9conomique et de la promotion ainsi que de l\u2019Urbanisme. D\u2019ici f\u00e9vrier, les effectifs du Bureau de projets et les directions de l\u2019Environnement et des Infrastructures viendront s\u2019y installer.<!--more--><\/p>\n<p><a name=\"more\"><\/a><\/p>\n<p>Au total, ce sont 150 fonctionnaires municipaux qui s\u2019y retrouveront comparativement \u00e0 41 actuellement. Le maire promet des \u00e9conomies importantes pour la Ville \u00e0 la suite de cette op\u00e9ration de regroupement. Si la Ville avait d\u00e9cid\u00e9 de construire un nouvel immeuble, il en aurait co\u00fbt\u00e9 10 M$ au lieu de 5,3 M$ (taxes et honoraires inclus).<\/p>\n<p><strong>Fin des locations<\/strong>\\r\\n\u00ab Le personnel qui va \u00eatre regroup\u00e9 ici est r\u00e9parti dans six \u00e9difices administratifs diff\u00e9rents, a expliqu\u00e9 M. Lehouillier. On mettra ainsi fin aux locations de locaux dont les baux arrivent \u00e0 terme. La Ville sera donc propri\u00e9taire de tous ses immeubles administratifs. \u00bb<\/p>\n<p>Le maire a pr\u00e9cis\u00e9 que les \u00e9conomies r\u00e9alis\u00e9es seront progressives et qu\u2019elles atteindront leur seuil maximal dans un horizon de 15 ans (dur\u00e9e de l\u2019emprunt), soit 600 000 $ par ann\u00e9e. C\u2019est sans compter que l\u2019immeuble acquis repr\u00e9sentera un actif d\u2019une valeur de 6 M$ \u00e0 terme.<\/p>\n<p>En outre, les d\u00e9placements des membres des directions vis\u00e9es par le regroupement diminueront, ce qui repr\u00e9sentera une \u00e9conomie annuelle de 17 500 $ d\u00e9coulant de ces frais de transport.<\/p>\n<p>M. Lehouillier a \u00e9galement soulign\u00e9 que les locaux lib\u00e9r\u00e9s de certains anciens h\u00f4tels de ville seront utilis\u00e9s par des organismes communautaires ou culturels. Soulignons que le Bouclair de la rue de la Concorde fermera ses portes le 31 janvier.<\/p><\/blockquote>\n<p><img decoding=\"async\" src=\"http:\/\/www.levisurbain.ca\/images\/peuple_levis.gif\" alt=\"\" border=\"0\" \/><br \/>\nReproduit avec autorisation.<\/p>\n","protected":false},"excerpt":{"rendered":"<p>Article de Pierre Duquet. Le Peuple L\u00e9vis. Le vaste b\u00e2timent du 996, rue de la Concorde, dans le secteur Saint-Romuald, est maintenant la propri\u00e9t\u00e9 de la Ville de L\u00e9vis. Pas moins de 150 fonctionnaires y seront regroup\u00e9s d\u2019ici le 11 f\u00e9vrier. L\u2019achat de cet immeuble devrait permettre des \u00e9conomies annuelles de 600 000 $. Lors\u2026 <span class=\"read-more\"><a href=\"https:\/\/www.levisurbain.ca\/?p=15598\">Lire la suite &raquo;<\/a><\/span><\/p>\n","protected":false},"author":5,"featured_media":0,"comment_status":"open","ping_status":"open","sticky":false,"template":"","format":"standard","meta":{"footnotes":""},"categories":[65],"tags":[],"class_list":["post-15598","post","type-post","status-publish","format-standard","hentry","category-gouvernement"],"_links":{"self":[{"href":"https:\/\/www.levisurbain.ca\/index.php?rest_route=\/wp\/v2\/posts\/15598","targetHints":{"allow":["GET"]}}],"collection":[{"href":"https:\/\/www.levisurbain.ca\/index.php?rest_route=\/wp\/v2\/posts"}],"about":[{"href":"https:\/\/www.levisurbain.ca\/index.php?rest_route=\/wp\/v2\/types\/post"}],"author":[{"embeddable":true,"href":"https:\/\/www.levisurbain.ca\/index.php?rest_route=\/wp\/v2\/users\/5"}],"replies":[{"embeddable":true,"href":"https:\/\/www.levisurbain.ca\/index.php?rest_route=%2Fwp%2Fv2%2Fcomments&post=15598"}],"version-history":[{"count":0,"href":"https:\/\/www.levisurbain.ca\/index.php?rest_route=\/wp\/v2\/posts\/15598\/revisions"}],"wp:attachment":[{"href":"https:\/\/www.levisurbain.ca\/index.php?rest_route=%2Fwp%2Fv2%2Fmedia&parent=15598"}],"wp:term":[{"taxonomy":"category","embeddable":true,"href":"https:\/\/www.levisurbain.ca\/index.php?rest_route=%2Fwp%2Fv2%2Fcategories&post=15598"},{"taxonomy":"post_tag","embeddable":true,"href":"https:\/\/www.levisurbain.ca\/index.php?rest_route=%2Fwp%2Fv2%2Ftags&post=15598"}],"curies":[{"name":"wp","href":"https:\/\/api.w.org\/{rel}","templated":true}]}}