{"id":15596,"date":"2015-01-15T12:37:27","date_gmt":"2015-01-15T17:37:27","guid":{"rendered":"http:\/\/www.levisurbain.ca\/?p=15596"},"modified":"2021-11-06T15:05:22","modified_gmt":"2021-11-06T19:05:22","slug":"pleins-feux-sur-le-developpement-economique-en-2015","status":"publish","type":"post","link":"https:\/\/www.levisurbain.ca\/?p=15596","title":{"rendered":"Pleins feux sur le d\u00e9veloppement \u00e9conomique en 2015"},"content":{"rendered":"<p>Article de Rapha\u00ebl Lavoie. <a href=\"http:\/\/www.journaldelevis.com\/\" target=\"_blank\" rel=\"noopener\">Le Journal de L\u00e9vis<\/a>.<\/p>\n<blockquote><p><strong>Les grues et les bulldozers fonctionneront \u00e0 plein r\u00e9gime en 2015 \u00e0 L\u00e9vis si l&rsquo;on en croit l&rsquo;enthousiasme du maire Gilles Lehouillier qui a r\u00e9it\u00e9r\u00e9 ce matin en conf\u00e9rence de presse que l&rsquo;ann\u00e9e \u00e0 venir serait faste en mati\u00e8re de d\u00e9veloppement r\u00e9sidentiel, commercial et industriel sur le territoire l\u00e9visien.<\/strong><\/p>\n<p>\u00ab On est loin d&rsquo;\u00eatre n\u00e9gatifs, on est extr\u00eamement positifs pour la suite des choses. L&rsquo;\u00e9conomie nord-am\u00e9ricaine se porte tr\u00e8s bien et on veut se positionner avantageusement. C&rsquo;est la raison pour laquelle on met en \u0153uvre tous les moyens qu&rsquo;on peut pour r\u00e9ussir cette op\u00e9ration avec discipline, mais surtout avec une tr\u00e8s grande efficience \u00bb, a lanc\u00e9 le maire de L\u00e9vis, Gilles Lehouillier, lors d&rsquo;un point de presse sur le d\u00e9veloppement \u00e9conomique de la Ville en 2015.<\/p>\n<p>Avec son Bureau de projet maintenant op\u00e9rationnel \u00e0 100 %, l&rsquo;administration Lehouillier d\u00e9sire ainsi stimuler au maximum le d\u00e9veloppement \u00e9conomique de tout type dans la r\u00e9gion de L\u00e9vis, du r\u00e9sidentiel au commercial, en passant par l&rsquo;industriel.<\/p>\n<p>Pour ce faire, le maire entend d\u00e9ployer une nouvelle strat\u00e9gie globale et consulter lors d&rsquo;une grande rencontre tous les principaux acteurs du d\u00e9veloppement \u00e9conomique \u00e0 L\u00e9vis afin d&rsquo;\u00e9laborer un plan commun.<!--more--><\/p>\n<p><a name=\"more\"><\/a><\/p>\n<p>\u00ab Il y a au-del\u00e0 de 200 promoteurs qui font du d\u00e9veloppement \u00e0 la Ville de L\u00e9vis et on va se d\u00e9velopper ensemble un grand consensus qui va nous permettre d&rsquo;\u00eatre extr\u00eamement rapides dans le d\u00e9veloppement de nos projets \u00bb, a-t-il affirm\u00e9, r\u00e9it\u00e9rant la volont\u00e9 de son administration d&rsquo;acc\u00e9l\u00e9rer le processus pour les entrepreneurs.<\/p>\n<p><strong>Plusieurs projets pour 2015<\/strong><br \/>\nPar ailleurs, M. Lehouillier a profit\u00e9 de l&rsquo;occasion pour signaler l&rsquo;aboutissement ou le d\u00e9marrage de plusieurs projets majeurs de d\u00e9veloppement sur le territoire de la ville en 2015.<\/p>\n<p>Du c\u00f4t\u00e9 commercial notamment, deux importants p\u00f4les de d\u00e9veloppement, le Carrefour Saint-Romuald et le quartier Misc\u00e9o, poursuivront leur expansion avec respectivement l&rsquo;installation de plusieurs commerces et \u00e9difices d&rsquo;habitation et l&rsquo;agrandissement du Centre de congr\u00e8s et d&rsquo;exposition de L\u00e9vis. 2015 verra \u00e9galement la revitalisation du secteur de la Traverse se concr\u00e9tiser avec une nouvelle gare fluviale et une offre touristique renouvel\u00e9e, esp\u00e8re le maire.<\/p>\n<p>Sur le plan du d\u00e9veloppement r\u00e9sidentiel, le secteur de Saint-Nicolas profitera de l&rsquo;\u00e9largissement du quartier Roc-Pointe, alors que les infrastructures de l&rsquo;ouest de la ville ne seront pas non plus en reste.<\/p>\n<p>En ce sens, la rencontre de Gilles Lehouillier avec le ministre des Transports Robert Po\u00ebti en d\u00e9cembre dernier aura port\u00e9 ses fruits, puisque Qu\u00e9bec d\u00e9marrera prochainement le projet de r\u00e9fection de l&rsquo;\u00e9changeur de la route Lagueux au-dessus de l&rsquo;autoroute 20. Le minist\u00e8re des Transports financera \u00e9galement \u00e0 Saint-Nicolas l&rsquo;installation d&rsquo;un feu de circulation \u00e0 l&rsquo;intersection des routes Marie-Victorin et Claude-Jutras.<\/p>\n<p>\u00c0 l&rsquo;est de la ville, Qu\u00e9bec \u00e9tudiera aussi en 2015 le prolongement de la rue Saint-Omer et la reconfiguration de l&rsquo;axe routier de la route du Pr\u00e9sident-Kennedy.<\/p>\n<p><strong>Terrains industriels recherch\u00e9s<\/strong><br \/>\nEn ce qui concerne le d\u00e9veloppement industriel \u00e0 L\u00e9vis en 2015, le maire a rappel\u00e9 que la Ville avait r\u00e9serv\u00e9 une somme de 8,7 M$ dans son dernier programme triennal d&rsquo;immobilisations (PTI) afin de convertir rapidement certains espaces en terrains \u00e0 vocation industrielle et ainsi r\u00e9pondre \u00e0 la p\u00e9nurie qui fait rage actuellement.<\/p>\n<p>\u00ab Le volet industriel est extr\u00eamement important pour nous, il faut donc viabiliser des terrains \u00bb, a indiqu\u00e9 M. Lehouillier, ajoutant qu&rsquo;il souhaitait ainsi conserver davantage d&rsquo;entreprises l\u00e9visiennes en expansion sur son territoire.<\/p><\/blockquote>\n<p><a href=\"http:\/\/www.journaldelevis.com\" target=\"_blank\" rel=\"noopener\"><img decoding=\"async\" src=\"http:\/\/www.levisurbain.ca\/images\/jdl_logo2012.png\" alt=\"\" border=\"0\" \/><\/a><br \/>\nReproduit avec autorisation.<\/p>\n","protected":false},"excerpt":{"rendered":"<p>Article de Rapha\u00ebl Lavoie. Le Journal de L\u00e9vis. Les grues et les bulldozers fonctionneront \u00e0 plein r\u00e9gime en 2015 \u00e0 L\u00e9vis si l&rsquo;on en croit l&rsquo;enthousiasme du maire Gilles Lehouillier qui a r\u00e9it\u00e9r\u00e9 ce matin en conf\u00e9rence de presse que l&rsquo;ann\u00e9e \u00e0 venir serait faste en mati\u00e8re de d\u00e9veloppement r\u00e9sidentiel, commercial et industriel sur le\u2026 <span class=\"read-more\"><a href=\"https:\/\/www.levisurbain.ca\/?p=15596\">Lire la suite &raquo;<\/a><\/span><\/p>\n","protected":false},"author":5,"featured_media":0,"comment_status":"open","ping_status":"open","sticky":false,"template":"","format":"standard","meta":{"footnotes":""},"categories":[58],"tags":[],"class_list":["post-15596","post","type-post","status-publish","format-standard","hentry","category-commerce-economie"],"_links":{"self":[{"href":"https:\/\/www.levisurbain.ca\/index.php?rest_route=\/wp\/v2\/posts\/15596","targetHints":{"allow":["GET"]}}],"collection":[{"href":"https:\/\/www.levisurbain.ca\/index.php?rest_route=\/wp\/v2\/posts"}],"about":[{"href":"https:\/\/www.levisurbain.ca\/index.php?rest_route=\/wp\/v2\/types\/post"}],"author":[{"embeddable":true,"href":"https:\/\/www.levisurbain.ca\/index.php?rest_route=\/wp\/v2\/users\/5"}],"replies":[{"embeddable":true,"href":"https:\/\/www.levisurbain.ca\/index.php?rest_route=%2Fwp%2Fv2%2Fcomments&post=15596"}],"version-history":[{"count":0,"href":"https:\/\/www.levisurbain.ca\/index.php?rest_route=\/wp\/v2\/posts\/15596\/revisions"}],"wp:attachment":[{"href":"https:\/\/www.levisurbain.ca\/index.php?rest_route=%2Fwp%2Fv2%2Fmedia&parent=15596"}],"wp:term":[{"taxonomy":"category","embeddable":true,"href":"https:\/\/www.levisurbain.ca\/index.php?rest_route=%2Fwp%2Fv2%2Fcategories&post=15596"},{"taxonomy":"post_tag","embeddable":true,"href":"https:\/\/www.levisurbain.ca\/index.php?rest_route=%2Fwp%2Fv2%2Ftags&post=15596"}],"curies":[{"name":"wp","href":"https:\/\/api.w.org\/{rel}","templated":true}]}}