{"id":15577,"date":"2014-12-19T07:49:05","date_gmt":"2014-12-19T12:49:05","guid":{"rendered":"http:\/\/www.levisurbain.ca\/?p=15577"},"modified":"2021-10-02T16:24:38","modified_gmt":"2021-10-02T20:24:38","slug":"un-demi-million-pour-renover-la-gare-de-charny","status":"publish","type":"post","link":"https:\/\/www.levisurbain.ca\/?p=15577","title":{"rendered":"Un demi-million pour r\u00e9nover la gare de Charny"},"content":{"rendered":"<p>Article de M\u00e9lanie Labrecque. Le Peuple L\u00e9vis.<\/p>\n<blockquote><p><strong>La r\u00e9novation de la gare de Charny devrait co\u00fbter au bas mot 500 000 $ selon les estimations de l&rsquo;architecte engag\u00e9 par la Ville de L\u00e9vis pour \u00e9valuer l&rsquo;\u00e9tat de la structure.<\/strong><\/p>\n<p>Les conclusions du rapport pr\u00e9par\u00e9 par la firme Michel Leclerc architecte sont claires. Elles d\u00e9montrent d&rsquo;importants probl\u00e8mes structuraux qui devront imp\u00e9rativement \u00eatre r\u00e9gl\u00e9s avant que le b\u00e2timent puisse \u00eatre occup\u00e9, estime le maire de L\u00e9vis, Gilles Lehouillier.<\/p>\n<p>\u00ab Dans l&rsquo;optique que la Ville va de l&rsquo;avant pour louer ces locaux, le propri\u00e9taire devra effectuer tous les travaux n\u00e9cessaires afin que ce b\u00e2timent soit conforme en tout point et aux normes en vigueur \u00bb, peut-on lire dans le rapport. Et les travaux n\u00e9cessaires sont nombreux.<\/p>\n<p>Des travaux d&rsquo;\u00e9tanch\u00e9it\u00e9 devront \u00eatre faits au niveau des fondations pour assurer l&rsquo;\u00e9tanch\u00e9it\u00e9 du vide sanitaire. Plusieurs \u00e9l\u00e9ments structuraux pourris sont \u00e0 remplacer. La structure des planchers devra \u00eatre am\u00e9lior\u00e9e et ces derniers devront \u00eatre mis au niveau.<\/p>\n<p>Chacune des parties lou\u00e9es devra \u00eatre adapt\u00e9e pour les personnes \u00e0 mobilit\u00e9 r\u00e9duite. Chaque local devra comprendre une porte automatique et une rampe d&rsquo;acc\u00e8s lorsque n\u00e9cessaire. Puisque la qualit\u00e9 de l&rsquo;air laisse \u00e0 d\u00e9sirer, des travaux devront \u00eatre aussi faits pour son am\u00e9lioration.<!--more--><\/p>\n<p><a name=\"more\"><\/a><\/p>\n<p>Dans ces circonstances, la Ville souhaite moins signer une entente de location avec Via Rail. \u00ab Nous [la Ville] n&rsquo;avons pas d&rsquo;int\u00e9r\u00eat, \u00e0 moins que Via ne mette \u00e0 jour le b\u00e2timent \u00bb, explique Gilles Lehouillier. Si la Ville signait une entente de location, elle deviendrait responsable des travaux de mise aux normes, ajoute-t-il.<\/p>\n<p>\u00ab Via est une entreprise, qui contrairement au CN, essuie des d\u00e9ficits ann\u00e9e apr\u00e8s ann\u00e9e. C&rsquo;est certain qu&rsquo;\u00e0 un moment donn\u00e9, tu entretiens moins tes \u00e9quipements \u00bb, constate le maire.<\/p>\n<p>Quant \u00e0 la Maison des jeunes, le maire souligne qu&rsquo;elle se retrouve dans une partie beaucoup plus r\u00e9cente et est donc moins affect\u00e9e par les probl\u00e8mes structuraux. La Ville attend de voir si Via Rail fera o\u00f9 non les travaux recommand\u00e9s par les experts avant de d\u00e9cider si elle la d\u00e9m\u00e9nage ou non.<\/p>\n<p>La Ville de L\u00e9vis, rappelons-le, voulait conna\u00eetre l&rsquo;\u00e9tat du b\u00e2timent avant de signer une entente de location avec Via Rail. Les conclusions du rapport ont \u00e9t\u00e9 pr\u00e9sent\u00e9es \u00e0 l&rsquo;entreprise le 3 d\u00e9cembre dernier. Elle devrait revenir avec une r\u00e9ponse au cours des prochaines semaines.<\/p>\n<p><strong>Via \u00e9tudie le rapport<\/strong><br \/>\nVia Rail \u00e9tudie actuellement le rapport d&rsquo;architecte pr\u00e9sent\u00e9 par la Ville de L\u00e9vis. \u00ab Tel que convenu avec la Ville, nous ferons examiner par un entrepreneur local les \u00e9l\u00e9ments majeurs soulev\u00e9s dans le rapport afin d&rsquo;obtenir un ordre de grandeur du co\u00fbt des travaux \u00bb, a expliqu\u00e9 la porte-parole de l&rsquo;entreprise Myl\u00e8ne B\u00e9langer.<\/p>\n<p>Via Rail partagera les r\u00e9sultats de ces \u00e9valuations avec la Ville le plus rapidement possible. Mme B\u00e9langer indique que cela sera fait soit avant les f\u00eates ou d\u00e8s le retour du cong\u00e9. \u00ab Via Rail et la Ville ont convenu de discuter des diff\u00e9rentes options possibles concernant l&rsquo;avenir de la gare une fois les r\u00e9sultats des \u00e9valuations connus \u00bb, conclut-elle.<\/p><\/blockquote>\n<p><img decoding=\"async\" src=\"http:\/\/www.levisurbain.ca\/images\/peuple_levis.gif\" alt=\"\" border=\"0\" \/><br \/>\nReproduit avec autorisation au moment de la publication sur ce blogue.<\/p>\n","protected":false},"excerpt":{"rendered":"<p>Article de M\u00e9lanie Labrecque. Le Peuple L\u00e9vis. La r\u00e9novation de la gare de Charny devrait co\u00fbter au bas mot 500 000 $ selon les estimations de l&rsquo;architecte engag\u00e9 par la Ville de L\u00e9vis pour \u00e9valuer l&rsquo;\u00e9tat de la structure. Les conclusions du rapport pr\u00e9par\u00e9 par la firme Michel Leclerc architecte sont claires. Elles d\u00e9montrent d&rsquo;importants\u2026 <span class=\"read-more\"><a href=\"https:\/\/www.levisurbain.ca\/?p=15577\">Lire la suite &raquo;<\/a><\/span><\/p>\n","protected":false},"author":5,"featured_media":0,"comment_status":"open","ping_status":"open","sticky":false,"template":"","format":"standard","meta":{"footnotes":""},"categories":[65,68],"tags":[],"class_list":["post-15577","post","type-post","status-publish","format-standard","hentry","category-gouvernement","category-patrimoine"],"_links":{"self":[{"href":"https:\/\/www.levisurbain.ca\/index.php?rest_route=\/wp\/v2\/posts\/15577","targetHints":{"allow":["GET"]}}],"collection":[{"href":"https:\/\/www.levisurbain.ca\/index.php?rest_route=\/wp\/v2\/posts"}],"about":[{"href":"https:\/\/www.levisurbain.ca\/index.php?rest_route=\/wp\/v2\/types\/post"}],"author":[{"embeddable":true,"href":"https:\/\/www.levisurbain.ca\/index.php?rest_route=\/wp\/v2\/users\/5"}],"replies":[{"embeddable":true,"href":"https:\/\/www.levisurbain.ca\/index.php?rest_route=%2Fwp%2Fv2%2Fcomments&post=15577"}],"version-history":[{"count":0,"href":"https:\/\/www.levisurbain.ca\/index.php?rest_route=\/wp\/v2\/posts\/15577\/revisions"}],"wp:attachment":[{"href":"https:\/\/www.levisurbain.ca\/index.php?rest_route=%2Fwp%2Fv2%2Fmedia&parent=15577"}],"wp:term":[{"taxonomy":"category","embeddable":true,"href":"https:\/\/www.levisurbain.ca\/index.php?rest_route=%2Fwp%2Fv2%2Fcategories&post=15577"},{"taxonomy":"post_tag","embeddable":true,"href":"https:\/\/www.levisurbain.ca\/index.php?rest_route=%2Fwp%2Fv2%2Ftags&post=15577"}],"curies":[{"name":"wp","href":"https:\/\/api.w.org\/{rel}","templated":true}]}}