{"id":15400,"date":"2014-10-07T23:24:19","date_gmt":"2014-10-08T03:24:19","guid":{"rendered":"http:\/\/www.levisurbain.ca\/?p=15400"},"modified":"2021-05-22T17:17:01","modified_gmt":"2021-05-22T21:17:01","slug":"en-chantier-dici-deux-semaines-dans-le-secteur-de-la-traverse-2","status":"publish","type":"post","link":"https:\/\/www.levisurbain.ca\/?p=15400","title":{"rendered":"En chantier d&rsquo;ici deux semaines dans le secteur de la traverse"},"content":{"rendered":"<p>Article de Rapha\u00ebl Lavoie. <a href=\"http:\/\/www.journaldelevis.com\/\" target=\"_blank\" rel=\"noopener\">Le Journal de L\u00e9vis<\/a>.<\/p>\n<blockquote><p><strong>Quelques jours apr\u00e8s avoir confi\u00e9 les travaux de revitalisation du secteur de la traverse \u00e0 un nouvel entrepreneur, L\u00e9vis a annonc\u00e9 que la premi\u00e8re pellet\u00e9e de terre du projet devrait finalement avoir lieu d&rsquo;ici deux semaines tout au plus, \u00e0 moins d&rsquo;un autre revirement majeur.<\/strong><\/p>\n<p>Le maire suppl\u00e9ant de L\u00e9vis, Robert Maranda, a ainsi affirm\u00e9 lors du conseil municipal de lundi dernier que la Ville \u00e9tait sur le point de s&rsquo;entendre avec le deuxi\u00e8me plus bas soumissionnaire, JES Construction, et que l&rsquo;entrepreneur devrait amorcer les travaux d&rsquo;ici deux semaines.<\/p>\n<p>Au moment de mettre en ligne, il ne resterait qu&rsquo;\u00e0 attacher certains d\u00e9tails du contrat de 15,7 M$. Une caution d&rsquo;ex\u00e9cution de la part de l&rsquo;entrepreneur restait \u00e9galement \u00e0 \u00eatre re\u00e7ue.<\/p>\n<p>\u00ab Ce nouveau contractant voit ce projet-l\u00e0 avec beaucoup d&rsquo;enthousiasme, ce qui est dr\u00f4lement int\u00e9ressant pour nous, et il nous a confirm\u00e9 que la saga qu&rsquo;il y a eu autour du premier constructeur ne devrait pas affecter la fin des travaux \u00bb, a r\u00e9pondu M. Maranda \u00e0 la suite d&rsquo;une question pos\u00e9e par le chef de Renouveau L\u00e9vis, Nicolas Geraghty.<\/p>\n<p>De ce fait, la revitalisation du quai Paquet et l&rsquo;am\u00e9nagement de l&rsquo;esplanade dans le secteur de la traverse devraient \u00eatre compl\u00e9t\u00e9s d&rsquo;ici le 31 d\u00e9cembre 2015.<\/p><\/blockquote>\n<p><a href=\"http:\/\/www.journaldelevis.com\" target=\"_blank\" rel=\"noopener\"><img decoding=\"async\" src=\"http:\/\/www.levisurbain.ca\/images\/jdl_logo2012.png\" alt=\"\" border=\"0\" \/><\/a><br \/>\nReproduit avec autorisation.<\/p>\n","protected":false},"excerpt":{"rendered":"<p>Article de Rapha\u00ebl Lavoie. Le Journal de L\u00e9vis. Quelques jours apr\u00e8s avoir confi\u00e9 les travaux de revitalisation du secteur de la traverse \u00e0 un nouvel entrepreneur, L\u00e9vis a annonc\u00e9 que la premi\u00e8re pellet\u00e9e de terre du projet devrait finalement avoir lieu d&rsquo;ici deux semaines tout au plus, \u00e0 moins d&rsquo;un autre revirement majeur. Le maire\u2026 <span class=\"read-more\"><a href=\"https:\/\/www.levisurbain.ca\/?p=15400\">Lire la suite &raquo;<\/a><\/span><\/p>\n","protected":false},"author":5,"featured_media":0,"comment_status":"open","ping_status":"open","sticky":false,"template":"","format":"standard","meta":{"footnotes":""},"categories":[58,65],"tags":[62,89],"class_list":["post-15400","post","type-post","status-publish","format-standard","hentry","category-commerce-economie","category-gouvernement","tag-traverse-de-levis","tag-vieux-levis"],"_links":{"self":[{"href":"https:\/\/www.levisurbain.ca\/index.php?rest_route=\/wp\/v2\/posts\/15400","targetHints":{"allow":["GET"]}}],"collection":[{"href":"https:\/\/www.levisurbain.ca\/index.php?rest_route=\/wp\/v2\/posts"}],"about":[{"href":"https:\/\/www.levisurbain.ca\/index.php?rest_route=\/wp\/v2\/types\/post"}],"author":[{"embeddable":true,"href":"https:\/\/www.levisurbain.ca\/index.php?rest_route=\/wp\/v2\/users\/5"}],"replies":[{"embeddable":true,"href":"https:\/\/www.levisurbain.ca\/index.php?rest_route=%2Fwp%2Fv2%2Fcomments&post=15400"}],"version-history":[{"count":0,"href":"https:\/\/www.levisurbain.ca\/index.php?rest_route=\/wp\/v2\/posts\/15400\/revisions"}],"wp:attachment":[{"href":"https:\/\/www.levisurbain.ca\/index.php?rest_route=%2Fwp%2Fv2%2Fmedia&parent=15400"}],"wp:term":[{"taxonomy":"category","embeddable":true,"href":"https:\/\/www.levisurbain.ca\/index.php?rest_route=%2Fwp%2Fv2%2Fcategories&post=15400"},{"taxonomy":"post_tag","embeddable":true,"href":"https:\/\/www.levisurbain.ca\/index.php?rest_route=%2Fwp%2Fv2%2Ftags&post=15400"}],"curies":[{"name":"wp","href":"https:\/\/api.w.org\/{rel}","templated":true}]}}