{"id":15377,"date":"2014-10-02T06:48:05","date_gmt":"2014-10-02T10:48:05","guid":{"rendered":"http:\/\/www.levisurbain.ca\/?p=15377"},"modified":"2021-05-16T16:57:39","modified_gmt":"2021-05-16T20:57:39","slug":"une-nouvelle-vision-pour-linnoparc","status":"publish","type":"post","link":"https:\/\/www.levisurbain.ca\/?p=15377","title":{"rendered":"Une nouvelle vision pour l&rsquo;Innoparc"},"content":{"rendered":"<p>Article de \u00c9rick Desch\u00eanes. <a href=\"http:\/\/www.journaldelevis.com\/\" target=\"_blank\" rel=\"noopener\">Le Journal de L\u00e9vis<\/a>.<\/p>\n<blockquote><p><strong>Afin de susciter l&rsquo;engouement des entrepreneurs envers son parc technologique pr\u00eat \u00e0 accueillir des entreprises, la Ville de L\u00e9vis travaille actuellement \u00e0 repositionner la mission de l&rsquo;Innoparc.<\/strong><\/p>\n<p>\u00ab Il est peut-\u00eatre probable que les usages que nous avons pr\u00e9vu l\u00e0 sont un peu restrictifs. On a tellement \u00e9t\u00e9 sp\u00e9cifique que \u00e7a finit qu&rsquo;un moment donn\u00e9, il y a peut-\u00eatre des projets qu&rsquo;on pourrait actuellement recevoir et qui ne correspondent pas \u00e0 100% \u00e0 la r\u00e9glementation. (\u2026) On est en train de retravailler ce positionnement qui doit rester cependant un parc technologique \u00bb, a r\u00e9v\u00e9l\u00e9 le maire de L\u00e9vis, Gilles Lehouillier, lors d&rsquo;une entrevue t\u00e9l\u00e9phonique le 25 septembre dernier.<\/p>\n<p>Rappelons que cr\u00e9\u00e9 gr\u00e2ce \u00e0 un investissement de 10 M$, l&rsquo;Innoparc est un parc \u00e0 vocation technologique et scientifique de la Ville de L\u00e9vis. Si la municipalit\u00e9 a termin\u00e9 l&rsquo;an dernier les travaux d&rsquo;infrastructures permettant l&rsquo;arriv\u00e9e des entreprises sur les parcelles situ\u00e9es pr\u00e8s de l&rsquo;autoroute 20 dans le quartier L\u00e9vis, l&rsquo;Innoparc ne fait pas fureur. Actuellement, trois entreprises ont seulement achet\u00e9 trois terrains sur les 23 disponibles.<\/p>\n<p>Pour renverser la vapeur, un comit\u00e9 pilote compos\u00e9e de repr\u00e9sentants de la direction du d\u00e9veloppement de la Ville, de la Soci\u00e9t\u00e9 de d\u00e9veloppement \u00e9conomique de L\u00e9vis, d&rsquo;Ag-Bio Centre, TransBioTech et du CRDI a \u00e9t\u00e9 cr\u00e9\u00e9 au d\u00e9but de 2014 pour \u00e9valuer le positionnement de l&rsquo;Innoparc et la promotion du site. M\u00eame que le groupe remettra son rapport d&rsquo;ici la mi-octobre.<!--more--><br \/>\n<a name=\"more\"><\/a><\/p>\n<p><strong>Un cadre restrictif<\/strong><br \/>\nEt selon le premier \u00e9chevin, cette analyse \u00e9tait m\u00eame devenue n\u00e9cessaire \u00e0 cause du cadre restrictif entourant les usages du site. Actuellement, seules des entreprises sp\u00e9cialis\u00e9es en logiciels ou prologiciels, en mat\u00e9riel \u00e9lectronique professionnel et informatique, en produits pharmaceutiques et m\u00e9dicaments, en mat\u00e9riel scientifique professionnel et technologique ainsi qu&rsquo;en activit\u00e9s de recherche et d\u00e9veloppement en laboratoires peuvent songer s&rsquo;\u00e9tablir dans le parc technologique l\u00e9visien.\u00abIl faut plus de souplesse. Pour nous, les usages d\u00e9termin\u00e9s, c&rsquo;est bon, mais on veut si ce n&rsquo;est pas trop restrictif. (\u2026) On veut ouvrir un cr\u00e9neau davantage industriel, mais toujours tourn\u00e9 vers la recherche et le d\u00e9veloppement. On veut plus ouvrir le volet industriel. C&rsquo;est un de nos objectifs\u00bb, a expliqu\u00e9 M. Lehouillier.<\/p>\n<p>Ainsi, et comme l&rsquo;a cit\u00e9 en exemple le maire lors de l&rsquo;entrevue avec Le Journal de L\u00e9vis, une entreprise de g\u00e9nie sp\u00e9cialis\u00e9e en recherche et d\u00e9veloppement pourrait d\u00e9m\u00e9nager ses p\u00e9nates dans l&rsquo;Innoparc gr\u00e2ce au repositionnement envisag\u00e9.<\/p>\n<p><strong>Bient\u00f4t des changements ?<\/strong><br \/>\nD&rsquo;ailleurs, cette refonte des objectifs de l&rsquo;Innoparc pourrait se concr\u00e9tiser assez rapidement. D\u00e8s la r\u00e9ception du rapport, le comit\u00e9 ex\u00e9cutif entend ne pas tabletter le rapport comme l&rsquo;a partag\u00e9 Gilles Lehouillier.<\/p>\n<p>\u00ab On va en discuter avec le conseil et l&rsquo;ex\u00e9cutif. On va se faire une t\u00eate et apr\u00e8s, on va repositionner le projet. (\u2026) Nous allons avoir le rapport en octobre et nous apr\u00e8s, c&rsquo;est clair qu&rsquo;on va se positionner publiquement. Je veux qu&rsquo;on soit le plus transparent possible dans ce dossier, comme dans tous les autres\u00bb, a conclu le maire de L\u00e9vis.<\/p><\/blockquote>\n<p><a href=\"http:\/\/www.journaldelevis.com\" target=\"_blank\" rel=\"noopener\"><img decoding=\"async\" src=\"http:\/\/www.levisurbain.ca\/images\/jdl_logo2012.png\" alt=\"\" border=\"0\" \/><\/a>\\r\\nReproduit avec autorisation.<\/p>\n","protected":false},"excerpt":{"rendered":"<p>Article de \u00c9rick Desch\u00eanes. Le Journal de L\u00e9vis. Afin de susciter l&rsquo;engouement des entrepreneurs envers son parc technologique pr\u00eat \u00e0 accueillir des entreprises, la Ville de L\u00e9vis travaille actuellement \u00e0 repositionner la mission de l&rsquo;Innoparc. \u00ab Il est peut-\u00eatre probable que les usages que nous avons pr\u00e9vu l\u00e0 sont un peu restrictifs. On a tellement\u2026 <span class=\"read-more\"><a href=\"https:\/\/www.levisurbain.ca\/?p=15377\">Lire la suite &raquo;<\/a><\/span><\/p>\n","protected":false},"author":1,"featured_media":0,"comment_status":"open","ping_status":"open","sticky":false,"template":"","format":"standard","meta":{"footnotes":""},"categories":[58,65],"tags":[83],"class_list":["post-15377","post","type-post","status-publish","format-standard","hentry","category-commerce-economie","category-gouvernement","tag-innoparc"],"_links":{"self":[{"href":"https:\/\/www.levisurbain.ca\/index.php?rest_route=\/wp\/v2\/posts\/15377","targetHints":{"allow":["GET"]}}],"collection":[{"href":"https:\/\/www.levisurbain.ca\/index.php?rest_route=\/wp\/v2\/posts"}],"about":[{"href":"https:\/\/www.levisurbain.ca\/index.php?rest_route=\/wp\/v2\/types\/post"}],"author":[{"embeddable":true,"href":"https:\/\/www.levisurbain.ca\/index.php?rest_route=\/wp\/v2\/users\/1"}],"replies":[{"embeddable":true,"href":"https:\/\/www.levisurbain.ca\/index.php?rest_route=%2Fwp%2Fv2%2Fcomments&post=15377"}],"version-history":[{"count":0,"href":"https:\/\/www.levisurbain.ca\/index.php?rest_route=\/wp\/v2\/posts\/15377\/revisions"}],"wp:attachment":[{"href":"https:\/\/www.levisurbain.ca\/index.php?rest_route=%2Fwp%2Fv2%2Fmedia&parent=15377"}],"wp:term":[{"taxonomy":"category","embeddable":true,"href":"https:\/\/www.levisurbain.ca\/index.php?rest_route=%2Fwp%2Fv2%2Fcategories&post=15377"},{"taxonomy":"post_tag","embeddable":true,"href":"https:\/\/www.levisurbain.ca\/index.php?rest_route=%2Fwp%2Fv2%2Ftags&post=15377"}],"curies":[{"name":"wp","href":"https:\/\/api.w.org\/{rel}","templated":true}]}}