{"id":15373,"date":"2014-10-02T06:31:25","date_gmt":"2014-10-02T10:31:25","guid":{"rendered":"http:\/\/www.levisurbain.ca\/?p=15373"},"modified":"2021-05-16T16:46:31","modified_gmt":"2021-05-16T20:46:31","slug":"traverse-a-levis-dernier-ultimatum-a-lentrepreneur","status":"publish","type":"post","link":"https:\/\/www.levisurbain.ca\/?p=15373","title":{"rendered":"Traverse \u00e0 L\u00e9vis : dernier ultimatum \u00e0 l&rsquo;entrepreneur"},"content":{"rendered":"<p>Article de St\u00e9phanie Martin. <a href=\"http:\/\/www.lesoleil.com\/\" target=\"_blank\" rel=\"noopener\">Le Soleil<\/a>.<\/p>\n<blockquote><p><strong>(Qu\u00e9bec) L&rsquo;administration Lehouillier mettra sa menace \u00e0 ex\u00e9cution et larguera d\u00e8s jeudi l&rsquo;entrepreneur charg\u00e9 de r\u00e9aliser les travaux de revitalisation du secteur de la traverse \u00e0 L\u00e9vis s&rsquo;il n&rsquo;enclenche pas le chantier sur-le-champ.<\/strong><\/p>\n<p>Lundi, le maire Gilles Lehouillier avait avis\u00e9 qu&rsquo;il ferait appel au deuxi\u00e8me plus bas soumissionnaire si l&rsquo;entreprise qui a d\u00e9croch\u00e9 le contrat de 16,8 millions $ du r\u00e9am\u00e9nagement du quai Paquet et de l&rsquo;esplanade n&rsquo;enclenchait pas les travaux rapidement. Les membres du conseil municipal avaient adopt\u00e9 en s\u00e9ance extraordinaire une r\u00e9solution pour revenir au contrat initial convenu avec le Groupe Macadam, quitte \u00e0 renoncer aux \u00e9conomies de 500 000 $ qu&rsquo;elle esp\u00e9rait faire.<\/p><\/blockquote>\n<p>=> <a href=\"https:\/\/www.lesoleil.com\/affaires\/traverse-a-levis-dernier-ultimatum-a-lentrepreneur-dc535982ebb076930cf84048da49b60c\" target=\"_blank\" rel=\"noopener\">Lire la suite<\/a>.<\/p>\n","protected":false},"excerpt":{"rendered":"<p>Article de St\u00e9phanie Martin. Le Soleil. (Qu\u00e9bec) L&rsquo;administration Lehouillier mettra sa menace \u00e0 ex\u00e9cution et larguera d\u00e8s jeudi l&rsquo;entrepreneur charg\u00e9 de r\u00e9aliser les travaux de revitalisation du secteur de la traverse \u00e0 L\u00e9vis s&rsquo;il n&rsquo;enclenche pas le chantier sur-le-champ. Lundi, le maire Gilles Lehouillier avait avis\u00e9 qu&rsquo;il ferait appel au deuxi\u00e8me plus bas soumissionnaire si\u2026 <span class=\"read-more\"><a href=\"https:\/\/www.levisurbain.ca\/?p=15373\">Lire la suite &raquo;<\/a><\/span><\/p>\n","protected":false},"author":1,"featured_media":0,"comment_status":"open","ping_status":"open","sticky":false,"template":"","format":"standard","meta":{"footnotes":""},"categories":[65,60],"tags":[62,89],"class_list":["post-15373","post","type-post","status-publish","format-standard","hentry","category-gouvernement","category-transports","tag-traverse-de-levis","tag-vieux-levis"],"_links":{"self":[{"href":"https:\/\/www.levisurbain.ca\/index.php?rest_route=\/wp\/v2\/posts\/15373","targetHints":{"allow":["GET"]}}],"collection":[{"href":"https:\/\/www.levisurbain.ca\/index.php?rest_route=\/wp\/v2\/posts"}],"about":[{"href":"https:\/\/www.levisurbain.ca\/index.php?rest_route=\/wp\/v2\/types\/post"}],"author":[{"embeddable":true,"href":"https:\/\/www.levisurbain.ca\/index.php?rest_route=\/wp\/v2\/users\/1"}],"replies":[{"embeddable":true,"href":"https:\/\/www.levisurbain.ca\/index.php?rest_route=%2Fwp%2Fv2%2Fcomments&post=15373"}],"version-history":[{"count":0,"href":"https:\/\/www.levisurbain.ca\/index.php?rest_route=\/wp\/v2\/posts\/15373\/revisions"}],"wp:attachment":[{"href":"https:\/\/www.levisurbain.ca\/index.php?rest_route=%2Fwp%2Fv2%2Fmedia&parent=15373"}],"wp:term":[{"taxonomy":"category","embeddable":true,"href":"https:\/\/www.levisurbain.ca\/index.php?rest_route=%2Fwp%2Fv2%2Fcategories&post=15373"},{"taxonomy":"post_tag","embeddable":true,"href":"https:\/\/www.levisurbain.ca\/index.php?rest_route=%2Fwp%2Fv2%2Ftags&post=15373"}],"curies":[{"name":"wp","href":"https:\/\/api.w.org\/{rel}","templated":true}]}}