{"id":15335,"date":"2014-09-20T11:32:39","date_gmt":"2014-09-20T15:32:39","guid":{"rendered":"http:\/\/www.levisurbain.ca\/?p=15335"},"modified":"2021-05-11T23:45:13","modified_gmt":"2021-05-12T03:45:13","slug":"zone-levis","status":"publish","type":"post","link":"https:\/\/www.levisurbain.ca\/?p=15335","title":{"rendered":"Zone L\u00e9vis"},"content":{"rendered":"<p>Plusieurs articles dans un cahier de 20 pages dans Le Soleil du samedi 19 septembre 2014. Les articles sont sign\u00e9s Camille B. Vincent et Marie-Pier Cayer.<\/p>\n<p><strong>LA PAROLE \u00c0 L\u00c9VIS<\/strong><br \/>\nArticle de Camille B. Vincent. <a href=\"http:\/\/www.lesoleil.com\/\" target=\"_blank\" rel=\"noopener\">Le Soleil<\/a>.<\/p>\n<blockquote><p>[one_half]<strong> Avec un peu plus de 142 000 citoyens, L\u00e9vis est la huiti\u00e8me ville la plus populeuse au Qu\u00e9bec. La pouss\u00e9e d\u00e9mographique de la voisine de Qu\u00e9bec est accompagn\u00e9e d&rsquo;une vitalit\u00e9 \u00e9conomique remarquable tant chez les grands employeurs que dans les multiples petites et moyennes entreprises du territoire. Le d\u00e9veloppement \u00e0 la t\u00eate des ponts, avec notamment le carrefour Saint-Romuald, et dans les nombreux parcs industriels, retient l&rsquo;attention.[\/one_half]<\/p>\n<p>[one_half_last]L\u00e9vis d\u00e9croche des titres pour sa qualit\u00e9 de vie, pour \u00e9lever une famille, et est consid\u00e9r\u00e9e comme l&rsquo;une des villes les plus s\u00e9curitaires au Canada. Cette situation envi\u00e9e par d&rsquo;autres pousse les dirigeants locaux et r\u00e9gionaux \u00e0 maintenir le rythme de travail, \u00e0 penser aux services aux citoyens et \u00e0 se fixer de nouveaux d\u00e9fis. En fait, L\u00e9vis grandit toujours&#8230; et encore!<\/strong>[\/one_half_last]<\/p>\n<p>L\u00e9vis a aujourd&rsquo;hui sa propre voix au sein des instances d\u00e9cisionnelles qu\u00e9b\u00e9coises, et elle compte bien la faire entendre. Mais quelles seront les priorit\u00e9s de cette voix dans les prochaines ann\u00e9es ? C&rsquo;est ce \u00e0 quoi a r\u00e9pondu le maire Gilles Lehouillier lors d&rsquo;une rencontre avec Le Soleil.<\/p><\/blockquote>\n<p>=> <a href=\"https:\/\/www.lesoleil.com\/archives\/la-parole-a-levis-c8d35ce92441ff8516f719db59722a17\" target=\"_blank\" rel=\"noopener\">Lire la suite<\/a>.<\/p>\n<hr width=\"100%\">\n<p><strong>LA T\u00caTE DES PONTS EN EFFERVESCENCE<\/strong><br \/>\nArticle de Marie-Pier Cayer. <a href=\"http:\/\/www.lesoleil.com\/\" target=\"_blank\" rel=\"noopener\">Le Soleil<\/a>.<\/p>\n<blockquote><p><strong>La porte d&rsquo;entr\u00e9e de L\u00e9vis se transforme. Des centaines de millions sont investis dans le secteur de la t\u00eate des ponts \u00e0 Saint-Romuald, le plus gros projet de d\u00e9veloppement en cours \u00e0 L\u00e9vis. Aper\u00e7u de l&rsquo;avanc\u00e9e des travaux.<\/strong><\/p><\/blockquote>\n<p>=&gt; <a href=\"https:\/\/www.lesoleil.com\/archives\/la-tete-des-ponts-en-effervescence-ef7625bb9a8b55005c2865808a3e4e92\" target=\"_blank\" rel=\"noopener\">Lire la suite<\/a>.<!--more--><\/p>\n<p><a name=\"more\"><\/a><\/p>\n<hr width=\"100%\">\n<p><strong>\u00ab UNE VILLE QUI MARCHE \u00bb<\/strong><br \/>\nArticles de Camille B. Vincent et Marie-Pier Cayer. <a href=\"http:\/\/www.lesoleil.com\/\" target=\"_blank\" rel=\"noopener\">Le Soleil<\/a>.<\/p>\n<blockquote><p><strong>Avec les 65 000 emplois recens\u00e9s \u00e0 ce jour sur son territoire, \u00ab L\u00e9vis est une ville qui marche \u00bb.<\/strong><\/p>\n<p>Ce sont les propos du directeur du d\u00e9veloppement \u00e0 la Ville de L\u00e9vis, Philippe Meurant, un t\u00e9moin privil\u00e9gi\u00e9 de l&rsquo;essor du milieu de l&#8217;emploi dans sa ville.<\/p><\/blockquote>\n<p>=&gt; <a href=\"https:\/\/www.lesoleil.com\/archives\/une-ville-qui-marche-b3b4bbc9d814ede21a1a1e33e8c57cab\" target=\"_blank\" rel=\"noopener\">Lire la suite<\/a>.<\/p>\n<hr width=\"100%\">\n<p><strong>VISITE GUID\u00c9E DE LA TOUR DESJARDINS<\/strong><br \/>\nArticle de Camille B. Vincent. <a href=\"http:\/\/www.lesoleil.com\/\" target=\"_blank\" rel=\"noopener\">Le Soleil<\/a>.<\/p>\n<blockquote><p><strong>Le Soleil avait rendez-vous \u00e0 la nouvelle tour de 15 \u00e9tages du Mouvement Desjardins, au 150, des Commandeurs, pour une visite guid\u00e9e des lieux. D\u00e8s notre arriv\u00e9e sur place, nous remarquons que l&rsquo;immeuble contraste avec le d\u00e9cor relativement plat des environs. Le Soleil note \u00e9galement la pr\u00e9sence de stationnements r\u00e9serv\u00e9s aux covoitureurs, un des nombreux aspects \u00e9coresponsables de la tour, dont la construction a \u00e9t\u00e9 ax\u00e9e sur les normes de d\u00e9veloppement durable LEED.<\/strong><\/p><\/blockquote>\n<p>=&gt; <a href=\"https:\/\/www.lesoleil.com\/archives\/visite-guidee-de-la-tour-de-desjardins-45d7ecaae8aaefc34beb6209f4cce920\">Lire la suite<\/a>.<\/p>\n<hr width=\"100%\">\n<p><strong>DU TOURISME POUR TOUS LES GO\u00dbTS<\/strong><br \/>\nArticle de Camille B. Vincent. <a href=\"http:\/\/www.lesoleil.com\/\" target=\"_blank\" rel=\"noopener\">Le Soleil<\/a>.<\/p>\n<blockquote><p><strong>Que le tourisme soit mondial, local, d&rsquo;affaires, sportif, fluvial ou vert, la Ville de L\u00e9vis ne voit pas de limites \u00e0 son d\u00e9veloppement. Et \u00e7a tombe bien, car les touristes se font de plus en plus nombreux sur la Rive-Sud du fleuve.<\/strong><\/p><\/blockquote>\n<p>=&gt; <a href=\"https:\/\/www.lesoleil.com\/archives\/du-tourisme-pour-tous-les-gouts-e431d9b5604e7b7933350a68065af356\" target=\"_blank\" rel=\"noopener\">Lire la suite<\/a>.<\/p>\n<hr width=\"100%\">\n<p><strong>LE PRIX DU SUCC\u00c8S<\/strong><br \/>\nArticle de Camille B. Vincent. <a href=\"http:\/\/www.lesoleil.com\/\" target=\"_blank\" rel=\"noopener\">Le Soleil<\/a>.<\/p>\n<blockquote><p><strong>Avec une hausse de 250 % du nombre de L\u00e9visiens de 1971 \u00e0 2014, la renomm\u00e9e de la Ville n&rsquo;est plus \u00e0 faire. Victime de son succ\u00e8s, L\u00e9vis devient un otage quotidien des embouteillages routiers.<\/strong><\/p><\/blockquote>\n<p>=&gt; <a href=\"https:\/\/www.lesoleil.com\/archives\/le-prix-du-succes-317ecc3c05f8a45b16806cabd0b9034b\" target=\"_blank\" rel=\"noopener\">Lire la suite<\/a>.<\/p>\n<hr width=\"100%\">\n<p><strong>LE CHANTIER DAVIE BIEN \u00c0 FLOT<\/strong><br \/>\nArticle de Marie-Pier Cayer. <a href=\"http:\/\/www.lesoleil.com\/\" target=\"_blank\" rel=\"noopener\">Le Soleil<\/a>.<\/p>\n<blockquote><p><strong>Le chantier Davie est presque bicentenaire. Fond\u00e9 en 1825, le plus grand chantier maritime au Canada et l&rsquo;un des plus grands en Am\u00e9rique du Nord engage actuellement plus de 1000 employ\u00e9s.<\/strong><\/p><\/blockquote>\n<p>=&gt; <a href=\"https:\/\/www.lesoleil.com\/archives\/le-chantier-davie-bien-a-flot-fa336147bfc081d0f5796a9b7d7ec651\" target=\"_blank\" rel=\"noopener\">Lire la suite<\/a>.<\/p>\n<hr width=\"100%\">\n<p><strong>CINQ SECTEURS D&rsquo;ACTIVIT\u00c9S N\u00c9VRALGIQUES<\/strong><br \/>\nArticle de Marie-Pier Cayer. <a href=\"http:\/\/www.lesoleil.com\/\" target=\"_blank\" rel=\"noopener\">Le Soleil<\/a>.<\/p>\n<blockquote><p><strong>Un milieu culturel florissant<\/strong><br \/>\nAvec deux salles de spectacles reconnues et de nombreuses activit\u00e9s culturelles accessibles \u00e0 la population, L\u00e9vis n&rsquo;a pas \u00e0 rougir de son secteur culturel.<\/p><\/blockquote>\n<p>=&gt; <a href=\"https:\/\/www.lesoleil.com\/archives\/cinq-secteurs-dactivites-nevralgiques-e37c3c73a965fc9c892a04e7ecb487ff\" target=\"_blank\" rel=\"noopener\">Lire la suite<\/a>.<\/p>\n","protected":false},"excerpt":{"rendered":"<p>Plusieurs articles dans un cahier de 20 pages dans Le Soleil du samedi 19 septembre 2014. Les articles sont sign\u00e9s Camille B. Vincent et Marie-Pier Cayer. LA PAROLE \u00c0 L\u00c9VIS Article de Camille B. Vincent. Le Soleil. [one_half] Avec un peu plus de 142 000 citoyens, L\u00e9vis est la huiti\u00e8me ville la plus populeuse au\u2026 <span class=\"read-more\"><a href=\"https:\/\/www.levisurbain.ca\/?p=15335\">Lire la suite &raquo;<\/a><\/span><\/p>\n","protected":false},"author":1,"featured_media":0,"comment_status":"open","ping_status":"open","sticky":false,"template":"","format":"standard","meta":{"footnotes":""},"categories":[58,65,55,69,74],"tags":[72,62],"class_list":["post-15335","post","type-post","status-publish","format-standard","hentry","category-commerce-economie","category-gouvernement","category-habitation","category-histoire-urbaine","category-industriel","tag-davie","tag-traverse-de-levis"],"_links":{"self":[{"href":"https:\/\/www.levisurbain.ca\/index.php?rest_route=\/wp\/v2\/posts\/15335","targetHints":{"allow":["GET"]}}],"collection":[{"href":"https:\/\/www.levisurbain.ca\/index.php?rest_route=\/wp\/v2\/posts"}],"about":[{"href":"https:\/\/www.levisurbain.ca\/index.php?rest_route=\/wp\/v2\/types\/post"}],"author":[{"embeddable":true,"href":"https:\/\/www.levisurbain.ca\/index.php?rest_route=\/wp\/v2\/users\/1"}],"replies":[{"embeddable":true,"href":"https:\/\/www.levisurbain.ca\/index.php?rest_route=%2Fwp%2Fv2%2Fcomments&post=15335"}],"version-history":[{"count":0,"href":"https:\/\/www.levisurbain.ca\/index.php?rest_route=\/wp\/v2\/posts\/15335\/revisions"}],"wp:attachment":[{"href":"https:\/\/www.levisurbain.ca\/index.php?rest_route=%2Fwp%2Fv2%2Fmedia&parent=15335"}],"wp:term":[{"taxonomy":"category","embeddable":true,"href":"https:\/\/www.levisurbain.ca\/index.php?rest_route=%2Fwp%2Fv2%2Fcategories&post=15335"},{"taxonomy":"post_tag","embeddable":true,"href":"https:\/\/www.levisurbain.ca\/index.php?rest_route=%2Fwp%2Fv2%2Ftags&post=15335"}],"curies":[{"name":"wp","href":"https:\/\/api.w.org\/{rel}","templated":true}]}}