{"id":15278,"date":"2014-08-22T14:00:00","date_gmt":"2014-08-22T18:00:00","guid":{"rendered":"http:\/\/www.levisurbain.ca\/?p=15278"},"modified":"2021-05-02T16:12:40","modified_gmt":"2021-05-02T20:12:40","slug":"15-m-pour-la-stlevis","status":"publish","type":"post","link":"https:\/\/www.levisurbain.ca\/?p=15278","title":{"rendered":"1,5 M$ pour la STL\u00e9vis"},"content":{"rendered":"<p>Article de \u00c9rick Desch\u00eanes. <a href=\"http:\/\/www.journaldelevis.com\/\" target=\"_blank\" rel=\"noopener\">Journal de L\u00e9vis<\/a>.<\/p>\n<blockquote><p><strong>R\u00e9uni le 18 ao\u00fbt dernier \u00e0 l&rsquo;h\u00f4tel de ville de L\u00e9vis, le conseil municipal a autoris\u00e9 deux r\u00e8glements d&#8217;emprunts \u00e0 long terme permettant \u00e0 la Soci\u00e9t\u00e9 de transport de L\u00e9vis (STL\u00e9vis) de disposer de 1,5 M$ pour la r\u00e9alisation de cinq de ses projets. L&rsquo;organisme municipal pourra notamment commencer les travaux d&rsquo;implantation de stations concept au terminus de la Traverse.<\/strong><\/p>\n<p>\u00c9valu\u00e9 \u00e0 environ 600 000$, mais disposant d&rsquo;un budget de 900 000$ en cas d&rsquo;impr\u00e9vus, le projet de la STL\u00e9vis permettra la construction de cinq zones d&rsquo;attentes \u00abconcept\u00bb le long des cinq nouveaux quais d&#8217;embarquement pr\u00e8s de la nouvelle gare fluviale, actuellement en construction.<\/p>\n<p>En effet, dans un souci d&rsquo;harmonisation avec le nouveau b\u00e2timent de la Soci\u00e9t\u00e9 des traversiers du Qu\u00e9bec qui mettra en valeur le verre, le bois et l&rsquo;acier, les abribus du terminus de la Traverse mettront en valeur ces trois mat\u00e9riaux au lieu du traditionnel cadre de m\u00e9tal et de parois de verre.<\/p>\n<p>D&rsquo;ailleurs, si la STL\u00e9vis va faire rembourser 75% de la facture gr\u00e2ce au Programme d&rsquo;aide gouvernementale au transport collectif des personnes (PAGTCP) du minist\u00e8re des Transports du Qu\u00e9bec (MTQ), il \u00e9tait primordial pour l&rsquo;organisme de faire sa part dans le cadre des travaux de revitalisation du secteur qui seront termin\u00e9s en d\u00e9cembre 2015.<\/p>\n<p>\u00ab On veut avoir un concept diff\u00e9rent de ce qu&rsquo;on voit sur l&rsquo;ensemble du r\u00e9seau puisque le secteur de la Traverse, c&rsquo;est quand m\u00eame une porte d&rsquo;entr\u00e9e importante \u00e0 L\u00e9vis. Ces travaux sont importants et on veut que \u00e7a s&rsquo;harmonise avec le reste \u00bb, a analys\u00e9 Michel Patry, conseiller du district Charny\/Saint-Romuald et pr\u00e9sident du conseil d&rsquo;administration de l&rsquo;organisme municipal.<!--more--><\/p>\n<p><a name=\"more\"><\/a><\/p>\n<p><strong>De l&rsquo;argent pour d&rsquo;autres projets<\/strong><br \/>\n\u00c9galement, gr\u00e2ce \u00e0 l&rsquo;autre r\u00e8glement d&#8217;emprunt approuv\u00e9 par les \u00e9chevins le 18 ao\u00fbt dernier, la STL\u00e9vis pourra disposer de 600 000$ suppl\u00e9mentaires afin de r\u00e9aliser quatre projets. Tout d&rsquo;abord, dans la m\u00eame veine que le projet dans le secteur de la Traverse, un abribus concept pourra \u00eatre construit pour environ 100 000$ au C\u00e9gep de L\u00e9vis-Lauzon.<\/p>\n<p>Aussi, l&rsquo;organisme municipal pourra changer son lave-autobus devenu d\u00e9suet et r\u00e9parer la toiture de l&rsquo;ancienne partie du si\u00e8ge social de la STL\u00e9vis. Les co\u00fbts de ces deux projets sont \u00e9valu\u00e9s respectivement \u00e0 250 000$ et 75 000$. Enfin, comme le v\u00e9rificateur g\u00e9n\u00e9ral de la Ville l&rsquo;a demand\u00e9, le syst\u00e8me comptable de la soci\u00e9t\u00e9 sera am\u00e9lior\u00e9 pour la somme estim\u00e9e de 110 000$.<\/p>\n<p>Notons par contre que les co\u00fbts d&rsquo;implantation d&rsquo;un abribus concept au C\u00e9gep et d&rsquo;un nouveau lave-autobus ainsi que la r\u00e9fection de la toiture seront rembours\u00e9s en grande partie par des subventions gouvernementales.<\/p><\/blockquote>\n<p><a href=\"http:\/\/www.journaldelevis.com\/\" target=\"_blank\" rel=\"noopener noreferrer\"><img decoding=\"async\" src=\"http:\/\/www.levisurbain.ca\/wp-content\/uploads\/2017\/04\/jdl_logo2012.png\" alt=\"\" \/><\/a><br \/>\nReproduit avec autorisation.<\/p>\n","protected":false},"excerpt":{"rendered":"<p>Article de \u00c9rick Desch\u00eanes. Journal de L\u00e9vis. R\u00e9uni le 18 ao\u00fbt dernier \u00e0 l&rsquo;h\u00f4tel de ville de L\u00e9vis, le conseil municipal a autoris\u00e9 deux r\u00e8glements d&#8217;emprunts \u00e0 long terme permettant \u00e0 la Soci\u00e9t\u00e9 de transport de L\u00e9vis (STL\u00e9vis) de disposer de 1,5 M$ pour la r\u00e9alisation de cinq de ses projets. L&rsquo;organisme municipal pourra notamment\u2026 <span class=\"read-more\"><a href=\"https:\/\/www.levisurbain.ca\/?p=15278\">Lire la suite &raquo;<\/a><\/span><\/p>\n","protected":false},"author":5,"featured_media":0,"comment_status":"open","ping_status":"open","sticky":false,"template":"","format":"standard","meta":{"footnotes":""},"categories":[65,60],"tags":[64],"class_list":["post-15278","post","type-post","status-publish","format-standard","hentry","category-gouvernement","category-transports","tag-stlevis"],"_links":{"self":[{"href":"https:\/\/www.levisurbain.ca\/index.php?rest_route=\/wp\/v2\/posts\/15278","targetHints":{"allow":["GET"]}}],"collection":[{"href":"https:\/\/www.levisurbain.ca\/index.php?rest_route=\/wp\/v2\/posts"}],"about":[{"href":"https:\/\/www.levisurbain.ca\/index.php?rest_route=\/wp\/v2\/types\/post"}],"author":[{"embeddable":true,"href":"https:\/\/www.levisurbain.ca\/index.php?rest_route=\/wp\/v2\/users\/5"}],"replies":[{"embeddable":true,"href":"https:\/\/www.levisurbain.ca\/index.php?rest_route=%2Fwp%2Fv2%2Fcomments&post=15278"}],"version-history":[{"count":0,"href":"https:\/\/www.levisurbain.ca\/index.php?rest_route=\/wp\/v2\/posts\/15278\/revisions"}],"wp:attachment":[{"href":"https:\/\/www.levisurbain.ca\/index.php?rest_route=%2Fwp%2Fv2%2Fmedia&parent=15278"}],"wp:term":[{"taxonomy":"category","embeddable":true,"href":"https:\/\/www.levisurbain.ca\/index.php?rest_route=%2Fwp%2Fv2%2Fcategories&post=15278"},{"taxonomy":"post_tag","embeddable":true,"href":"https:\/\/www.levisurbain.ca\/index.php?rest_route=%2Fwp%2Fv2%2Ftags&post=15278"}],"curies":[{"name":"wp","href":"https:\/\/api.w.org\/{rel}","templated":true}]}}