{"id":15272,"date":"2014-08-22T13:44:38","date_gmt":"2014-08-22T17:44:38","guid":{"rendered":"http:\/\/www.levisurbain.ca\/?p=15272"},"modified":"2021-05-02T16:00:05","modified_gmt":"2021-05-02T20:00:05","slug":"marche-public-de-levis-la-section-interieure-se-concretise","status":"publish","type":"post","link":"https:\/\/www.levisurbain.ca\/?p=15272","title":{"rendered":"March\u00e9 public de L\u00e9vis : la section int\u00e9rieure se concr\u00e9tise"},"content":{"rendered":"<p>Article de Mariane Bergeron-Courteau. <a href=\"http:\/\/www.journaldelevis.com\/\" target=\"_blank\" rel=\"noopener\">Le Journal de L\u00e9vis<\/a>.<\/p>\n<blockquote><p><strong>L&rsquo;organisation de la section int\u00e9rieure du March\u00e9 public de L\u00e9vis va bon train : non seulement la construction est d\u00e9but\u00e9e, mais seulement trois de la dizaine de kiosques disponibles n&rsquo;ont pas encore trouv\u00e9 preneur.<\/strong><\/p>\n<p>Le directeur g\u00e9n\u00e9ral du groupe AMT, J\u00e9r\u00f4me Jolicoeur, est \u00abagr\u00e9ablement surpris\u00bb qu&rsquo;autant de commer\u00e7ants aient d\u00e9j\u00e0 confirm\u00e9 leur pr\u00e9sence dans la section permanente du March\u00e9 public de L\u00e9vis, qui ouvrira ses portes \u00e0 l&rsquo;automne. Pour l&rsquo;instant, 80 % des kiosques disponibles ont trouv\u00e9 preneur.<\/p>\n<p>\u00ab Il y en a deux avec qui on travaille activement en ce moment, mais qui n&rsquo;ont pas encore rien confirm\u00e9. La balle est dans leur camp. Et pour chaque producteur qui a sign\u00e9, il y a beaucoup de travail derri\u00e8re \u00e7a \u00bb, affirme M. Jolicoeur.<\/p>\n<p>Pour l&rsquo;instant, deux commerces occupant un kiosque dans la section saisonni\u00e8re du March\u00e9 public de L\u00e9vis, Sebz th\u00e9s et accessoires et Les D\u00e9lices de chez nous, seront transf\u00e9r\u00e9s dans la section permanente pour son ouverture. La Chocolaterie Tentation, la boucherie Relais des Campagnes, la Laiterie Charlevoix, la Boulangerie Borderon et les Cupcakes de Coquelikot sont les autres commerces qui ont sign\u00e9 pour occuper un espace dans la section int\u00e9rieure du March\u00e9 public de L\u00e9vis, situ\u00e9e au rez-de-chauss\u00e9e de l&rsquo;immeuble des condos Misc\u00e9o.<!--more--><\/p>\n<p><a name=\"more\"><\/a><\/p>\n<p>Les travaux pour l&rsquo;am\u00e9nagement du March\u00e9 public de L\u00e9vis permanent sont commenc\u00e9s, et l&rsquo;\u00e9ch\u00e9ancier est bien respect\u00e9, assure le directeur g\u00e9n\u00e9ral du groupe AMT. \u00abLes marchands devraient s&rsquo;installer \u00e0 l&rsquo;int\u00e9rieur dans les deux derni\u00e8res semaines de septembre pour l&rsquo;ouverture officielle du 1er octobre\u00bb, note J\u00e9r\u00f4me Jolicoeur. Par ailleurs, la relocalisation du march\u00e9 public estival dans le quartier Misc\u00e9o est tr\u00e8s b\u00e9n\u00e9fique pour les commer\u00e7ants, affirme le directeur du March\u00e9 public de L\u00e9vis, Mica\u00ebl Collin. Le nouveau site est ouvert depuis le 26 juin. \u00ab\u00c7a se passe tr\u00e8s bien, les producteurs sont satisfaits et leurs ventes sont au-del\u00e0 des chiffres esp\u00e9r\u00e9s\u00bb, affirme-t-il.<\/p>\n<p>M. Collin pr\u00e9cise que la client\u00e8le de L\u00e9vis est particuli\u00e8re en ce sens qu&rsquo;elle n&rsquo;est peut-\u00eatre pas la plus nombreuse, mais que les gens qui se d\u00e9placent ach\u00e8tent beaucoup de produits et reviennent de mani\u00e8re r\u00e9currente.<\/p>\n<p><strong>Semaine des march\u00e9s publics<\/strong><br \/>\nLa science sera mise \u00e0 l&rsquo;avant le samedi 23 ao\u00fbt prochain au March\u00e9 public de L\u00e9vis, non seulement en raison de la sixi\u00e8me \u00e9dition de la Semaine qu\u00e9b\u00e9coise des march\u00e9s publics, qui se tient du 15 au 24 ao\u00fbt, mais \u00e9galement dans le cadre des Journ\u00e9es couleurs et saveurs qui se d\u00e9roulent le weekend prochain. <\/p>\n<p>En collaboration avec la Ville de L\u00e9vis et la Bo\u00eete \u00e0 science, des activit\u00e9s et de l&rsquo;animation mariant les sciences et l&rsquo;alimentation seront pr\u00e9sent\u00e9es aux curieux. Une d\u00e9gustation des produits locaux est \u00e9galement pr\u00e9vue.<\/p><\/blockquote>\n<p><a href=\"http:\/\/www.journaldelevis.com\" target=\"_blank\" rel=\"noopener\"><img decoding=\"async\" alt=\"\" src=\"http:\/\/www.levisurbain.ca\/images\/jdl_logo2012.png\" border=\"0\" \/><\/a><br \/>\nReproduit avec autorisation.<\/p>\n","protected":false},"excerpt":{"rendered":"<p>Article de Mariane Bergeron-Courteau. Le Journal de L\u00e9vis. L&rsquo;organisation de la section int\u00e9rieure du March\u00e9 public de L\u00e9vis va bon train : non seulement la construction est d\u00e9but\u00e9e, mais seulement trois de la dizaine de kiosques disponibles n&rsquo;ont pas encore trouv\u00e9 preneur. Le directeur g\u00e9n\u00e9ral du groupe AMT, J\u00e9r\u00f4me Jolicoeur, est \u00abagr\u00e9ablement surpris\u00bb qu&rsquo;autant de\u2026 <span class=\"read-more\"><a href=\"https:\/\/www.levisurbain.ca\/?p=15272\">Lire la suite &raquo;<\/a><\/span><\/p>\n","protected":false},"author":1,"featured_media":0,"comment_status":"open","ping_status":"open","sticky":false,"template":"","format":"standard","meta":{"footnotes":""},"categories":[58],"tags":[],"class_list":["post-15272","post","type-post","status-publish","format-standard","hentry","category-commerce-economie"],"_links":{"self":[{"href":"https:\/\/www.levisurbain.ca\/index.php?rest_route=\/wp\/v2\/posts\/15272","targetHints":{"allow":["GET"]}}],"collection":[{"href":"https:\/\/www.levisurbain.ca\/index.php?rest_route=\/wp\/v2\/posts"}],"about":[{"href":"https:\/\/www.levisurbain.ca\/index.php?rest_route=\/wp\/v2\/types\/post"}],"author":[{"embeddable":true,"href":"https:\/\/www.levisurbain.ca\/index.php?rest_route=\/wp\/v2\/users\/1"}],"replies":[{"embeddable":true,"href":"https:\/\/www.levisurbain.ca\/index.php?rest_route=%2Fwp%2Fv2%2Fcomments&post=15272"}],"version-history":[{"count":0,"href":"https:\/\/www.levisurbain.ca\/index.php?rest_route=\/wp\/v2\/posts\/15272\/revisions"}],"wp:attachment":[{"href":"https:\/\/www.levisurbain.ca\/index.php?rest_route=%2Fwp%2Fv2%2Fmedia&parent=15272"}],"wp:term":[{"taxonomy":"category","embeddable":true,"href":"https:\/\/www.levisurbain.ca\/index.php?rest_route=%2Fwp%2Fv2%2Fcategories&post=15272"},{"taxonomy":"post_tag","embeddable":true,"href":"https:\/\/www.levisurbain.ca\/index.php?rest_route=%2Fwp%2Fv2%2Ftags&post=15272"}],"curies":[{"name":"wp","href":"https:\/\/api.w.org\/{rel}","templated":true}]}}