{"id":15268,"date":"2014-08-22T00:39:55","date_gmt":"2014-08-22T04:39:55","guid":{"rendered":"http:\/\/www.levisurbain.ca\/?p=15268"},"modified":"2021-05-02T15:50:34","modified_gmt":"2021-05-02T19:50:34","slug":"le-pont-de-quebec-devrait-il-changer-de-mains","status":"publish","type":"post","link":"https:\/\/www.levisurbain.ca\/?p=15268","title":{"rendered":"Le pont de Qu\u00e9bec devrait-il changer de mains ?"},"content":{"rendered":"<p>Source : TVA Nouvelle &#8211; R\u00e9gion de Qu\u00e9bec.<\/p>\n<blockquote><p>Un groupe de citoyens inquiets de l&rsquo;\u00e9tat du pont de Qu\u00e9bec propose d&rsquo;en transf\u00e9rer la propri\u00e9t\u00e9 \u00e0 une soci\u00e9t\u00e9 multipartite, qui regrouperait gouvernements, organismes et entreprises priv\u00e9es int\u00e9ress\u00e9s.<\/p>\n<p>Le regroupement Avenir du pont de Qu\u00e9bec voudrait que le pont soit remis en valeur pour le 100e anniversaire de son inauguration, dans cinq ans. Mais sa structure, attaqu\u00e9e par la rouille, est dans un \u00e9tat pitoyable<\/p><\/blockquote>\n<p>=> <a href=\"http:\/\/tvanouvelles.ca\/lcn\/infos\/regional\/quebec\/archives\/2014\/08\/20140821-132609.html\" target=\"_blank\" rel=\"noopener\">Lire la suite<\/a>.<\/p>\n","protected":false},"excerpt":{"rendered":"<p>Source : TVA Nouvelle &#8211; R\u00e9gion de Qu\u00e9bec. Un groupe de citoyens inquiets de l&rsquo;\u00e9tat du pont de Qu\u00e9bec propose d&rsquo;en transf\u00e9rer la propri\u00e9t\u00e9 \u00e0 une soci\u00e9t\u00e9 multipartite, qui regrouperait gouvernements, organismes et entreprises priv\u00e9es int\u00e9ress\u00e9s. Le regroupement Avenir du pont de Qu\u00e9bec voudrait que le pont soit remis en valeur pour le 100e anniversaire\u2026 <span class=\"read-more\"><a href=\"https:\/\/www.levisurbain.ca\/?p=15268\">Lire la suite &raquo;<\/a><\/span><\/p>\n","protected":false},"author":5,"featured_media":0,"comment_status":"open","ping_status":"open","sticky":false,"template":"","format":"standard","meta":{"footnotes":""},"categories":[68,60],"tags":[73],"class_list":["post-15268","post","type-post","status-publish","format-standard","hentry","category-patrimoine","category-transports","tag-pont-de-quebec"],"_links":{"self":[{"href":"https:\/\/www.levisurbain.ca\/index.php?rest_route=\/wp\/v2\/posts\/15268","targetHints":{"allow":["GET"]}}],"collection":[{"href":"https:\/\/www.levisurbain.ca\/index.php?rest_route=\/wp\/v2\/posts"}],"about":[{"href":"https:\/\/www.levisurbain.ca\/index.php?rest_route=\/wp\/v2\/types\/post"}],"author":[{"embeddable":true,"href":"https:\/\/www.levisurbain.ca\/index.php?rest_route=\/wp\/v2\/users\/5"}],"replies":[{"embeddable":true,"href":"https:\/\/www.levisurbain.ca\/index.php?rest_route=%2Fwp%2Fv2%2Fcomments&post=15268"}],"version-history":[{"count":0,"href":"https:\/\/www.levisurbain.ca\/index.php?rest_route=\/wp\/v2\/posts\/15268\/revisions"}],"wp:attachment":[{"href":"https:\/\/www.levisurbain.ca\/index.php?rest_route=%2Fwp%2Fv2%2Fmedia&parent=15268"}],"wp:term":[{"taxonomy":"category","embeddable":true,"href":"https:\/\/www.levisurbain.ca\/index.php?rest_route=%2Fwp%2Fv2%2Fcategories&post=15268"},{"taxonomy":"post_tag","embeddable":true,"href":"https:\/\/www.levisurbain.ca\/index.php?rest_route=%2Fwp%2Fv2%2Ftags&post=15268"}],"curies":[{"name":"wp","href":"https:\/\/api.w.org\/{rel}","templated":true}]}}