{"id":15076,"date":"2014-03-27T22:07:39","date_gmt":"2014-03-28T02:07:39","guid":{"rendered":"http:\/\/www.levisurbain.ca\/?p=15076"},"modified":"2024-03-02T15:48:49","modified_gmt":"2024-03-02T20:48:49","slug":"tunnel-sous-fluvial-le-prefet-de-la-mrc-de-lile-dorleans-sceptique","status":"publish","type":"post","link":"https:\/\/www.levisurbain.ca\/?p=15076","title":{"rendered":"Tunnel sous-fluvial : le pr\u00e9fet de la MRC de l&rsquo;\u00cele d&rsquo;Orl\u00e9ans sceptique"},"content":{"rendered":"<p>Article de Jean-Manuel T\u00e9otonio. <a href=\"http:\/\/www.lautrevoix.com\/\" target=\"_blank\" rel=\"noopener\">L&rsquo;Autre Voix<\/a>.<\/p>\n<blockquote><p><strong>Le pr\u00e9fet de la MRC de l&rsquo;\u00cele d&rsquo;Orl\u00e9ans, Jean-Pierre Turcotte, doute de la faisabilit\u00e9 du projet de tunnel reliant Qu\u00e9bec et L\u00e9vis en passant sous la pointe de Sainte-P\u00e9tronille. \u00ab Je pense que c&rsquo;est r\u00eaver en couleur \u00bb.<\/strong><\/p>\n<p>Alors que la Chambre de commerce de L\u00e9vis r\u00e9clame une \u00e9tude de faisabilit\u00e9 sur ce projet qu&rsquo;elle chiffre \u00e0 500M$, M. Turcotte se questionne sur ce montant. \u00ab Il y a 15 ans, un projet comme \u00e7a co\u00fbtait le double. Je n&rsquo;ai jamais vu beaucoup de projets dans ce genre qui baissait de prix avec le temps \u00bb, indique-t-il.<\/p><\/blockquote>\n<p>=> <a href=\"http:\/\/www.lautrevoix.com\/Actualites\/2014-03-27\/article-3666797\/Tunnel-sous-fluvial%3A-le-prefet-de-le-MRC-de-lIle-dOrleans-sceptique\/1\" target=\"_blank\" rel=\"noopener\">Lire la suite<\/a>.<\/p>\n","protected":false},"excerpt":{"rendered":"<p>Article de Jean-Manuel T\u00e9otonio. <a href=\"http:\/\/www.lautrevoix.com\/\" target=\"_blank\" rel=\"noopener\">L&rsquo;Autre Voix<\/a>.<\/p>\n<blockquote><p><strong>Le pr\u00e9fet de la MRC de l&rsquo;\u00cele d&rsquo;Orl\u00e9ans, Jean-Pierre Turcotte, doute de la faisabilit\u00e9 du projet de tunnel reliant Qu\u00e9bec et L\u00e9vis en passant sous la pointe de Sainte-P\u00e9tronille. \u00ab Je pense que c&rsquo;est r\u00eaver en couleur \u00bb.<\/strong><\/p>\n<p>Alors que la Chambre de commerce de L\u00e9vis r\u00e9clame une \u00e9tude de faisabilit\u00e9 sur ce projet qu&rsquo;elle chiffre \u00e0 500M$, M. Turcotte se questionne sur ce montant. \u00ab Il y a 15 ans, un projet comme \u00e7a co\u00fbtait le double. Je n&rsquo;ai jamais vu beaucoup de projets dans ce genre qui baissait de prix avec le temps \u00bb, indique-t-il.<\/p><\/blockquote>\n<p>=> <a href=\"http:\/\/www.lautrevoix.com\/Actualites\/2014-03-27\/article-3666797\/Tunnel-sous-fluvial%3A-le-prefet-de-le-MRC-de-lIle-dOrleans-sceptique\/1\" target=\"_blank\" rel=\"noopener\">Lire la suite<\/a>.<\/p>\n","protected":false},"author":5,"featured_media":0,"comment_status":"open","ping_status":"open","sticky":false,"template":"","format":"standard","meta":{"footnotes":""},"categories":[60],"tags":[63],"class_list":["post-15076","post","type-post","status-publish","format-standard","hentry","category-transports","tag-3e-lien"],"_links":{"self":[{"href":"https:\/\/www.levisurbain.ca\/index.php?rest_route=\/wp\/v2\/posts\/15076","targetHints":{"allow":["GET"]}}],"collection":[{"href":"https:\/\/www.levisurbain.ca\/index.php?rest_route=\/wp\/v2\/posts"}],"about":[{"href":"https:\/\/www.levisurbain.ca\/index.php?rest_route=\/wp\/v2\/types\/post"}],"author":[{"embeddable":true,"href":"https:\/\/www.levisurbain.ca\/index.php?rest_route=\/wp\/v2\/users\/5"}],"replies":[{"embeddable":true,"href":"https:\/\/www.levisurbain.ca\/index.php?rest_route=%2Fwp%2Fv2%2Fcomments&post=15076"}],"version-history":[{"count":1,"href":"https:\/\/www.levisurbain.ca\/index.php?rest_route=\/wp\/v2\/posts\/15076\/revisions"}],"predecessor-version":[{"id":16478,"href":"https:\/\/www.levisurbain.ca\/index.php?rest_route=\/wp\/v2\/posts\/15076\/revisions\/16478"}],"wp:attachment":[{"href":"https:\/\/www.levisurbain.ca\/index.php?rest_route=%2Fwp%2Fv2%2Fmedia&parent=15076"}],"wp:term":[{"taxonomy":"category","embeddable":true,"href":"https:\/\/www.levisurbain.ca\/index.php?rest_route=%2Fwp%2Fv2%2Fcategories&post=15076"},{"taxonomy":"post_tag","embeddable":true,"href":"https:\/\/www.levisurbain.ca\/index.php?rest_route=%2Fwp%2Fv2%2Ftags&post=15076"}],"curies":[{"name":"wp","href":"https:\/\/api.w.org\/{rel}","templated":true}]}}