{"id":15069,"date":"2014-03-26T23:59:31","date_gmt":"2014-03-27T03:59:31","guid":{"rendered":"http:\/\/www.levisurbain.ca\/?p=15069"},"modified":"2024-03-02T15:51:19","modified_gmt":"2024-03-02T20:51:19","slug":"la-ccl-lance-sa-campagne-dappui-et-devoile-un-visuel-du-troisieme-lien-routier-levis-quebec","status":"publish","type":"post","link":"https:\/\/www.levisurbain.ca\/?p=15069","title":{"rendered":"La CCL lance sa campagne d&rsquo;appui et devoile un visuel du troisi\u00e8me lien routier L\u00e9vis-Qu\u00e9bec"},"content":{"rendered":"<p>C&rsquo;est fait. La <a href=\"http:\/\/www.cclevis.com\/Html\/fr\/index.html\" target=\"_blank\" rel=\"noopener\">Chambre de commerce de L\u00e9vis<\/a> (CCL) a lanc\u00e9 ajourd&rsquo;hui sa campagne d&rsquo;appui au pour la r\u00e9alisation d&rsquo;un troisi\u00e8me lien routier L\u00e9vis-Qu\u00e9bec. La CCL demande au gouvernement de mettre \u00e0 jour les \u00e9tudes publi\u00e9es au tournant des ann\u00e9es 2000 par le comit\u00e9 du lien sous-fluvial \u00e0 l\u2019est de L\u00e9vis-Qu\u00e9bec pour \u00e9valuer l\u2019opportunit\u00e9 de construire un tunnel reliant les deux rives. Pour ce faire, il d\u00e9voile en m\u00eame temps une vid\u00e9o pr\u00e9sentant le trac\u00e9 que prendrait ce tunnel et sollicite l\u2019appui de la population en faveur de ce projet.<\/p>\n<p><img decoding=\"async\" alt=\"\" src=\"http:\/\/www.levisurbain.ca\/wp-content\/uploads\/tunnel-26032014.jpg\" \/><br \/>Photo : courtoisie.<\/p>\n<p>=> Vous pouvez en savoir plus via le site <a href=\"http:\/\/www.tunnelquebeclevis.com\/\" target=\"_blank\" rel=\"noopener\">www.tunnelquebeclevis.com<\/a>.<br \/>\n=> <a href=\"http:\/\/www.youtube.com\/watch?v=AyNJ8boZBZQ\" target=\"_blank\" rel=\"noopener\">La pr\u00e9sentation vid\u00e9o<\/a>.<br \/>\n=> <a href=\"https:\/\/numerique.banq.qc.ca\/patrimoine\/details\/52327\/3539246\" target=\"_blank\" rel=\"noopener\">Article du Soleil sur le sujet<\/a>.<\/p>\n","protected":false},"excerpt":{"rendered":"<p>C&rsquo;est fait. La <a href=\"http:\/\/www.cclevis.com\/Html\/fr\/index.html\" target=\"_blank\" rel=\"noopener\">Chambre de commerce de L\u00e9vis<\/a> (CCL) a lanc\u00e9 ajourd&rsquo;hui sa campagne d&rsquo;appui au pour la r\u00e9alisation d&rsquo;un troisi\u00e8me lien routier L\u00e9vis-Qu\u00e9bec. La CCL demande au gouvernement de mettre \u00e0 jour les \u00e9tudes publi\u00e9es au tournant des ann\u00e9es 2000 par le comit\u00e9 du lien sous-fluvial \u00e0 l\u2019est de L\u00e9vis-Qu\u00e9bec pour \u00e9valuer l\u2019opportunit\u00e9 de construire un tunnel reliant les deux rives. Pour ce faire, il d\u00e9voile en m\u00eame temps une vid\u00e9o pr\u00e9sentant le trac\u00e9 que prendrait ce tunnel et sollicite l\u2019appui de la population en faveur de ce projet.<\/p>\n<p><img decoding=\"async\" alt=\"\" src=\"http:\/\/www.levisurbain.ca\/wp-content\/uploads\/tunnel-26032014.jpg\" \/><br \/>Photo : courtoisie.<\/p>\n<p>=> Vous pouvez en savoir plus via le site <a href=\"http:\/\/www.tunnelquebeclevis.com\/\" target=\"_blank\" rel=\"noopener\">www.tunnelquebeclevis.com<\/a>.<br \/>\n=> <a href=\"http:\/\/www.youtube.com\/watch?v=AyNJ8boZBZQ\" target=\"_blank\" rel=\"noopener\">La pr\u00e9sentation vid\u00e9o<\/a>.<br \/>\n=> <a href=\"https:\/\/numerique.banq.qc.ca\/patrimoine\/details\/52327\/3539246\" target=\"_blank\" rel=\"noopener\">Article du Soleil sur le sujet<\/a>.<\/p>\n","protected":false},"author":5,"featured_media":0,"comment_status":"open","ping_status":"open","sticky":false,"template":"","format":"standard","meta":{"footnotes":""},"categories":[60],"tags":[63],"class_list":["post-15069","post","type-post","status-publish","format-standard","hentry","category-transports","tag-3e-lien"],"_links":{"self":[{"href":"https:\/\/www.levisurbain.ca\/index.php?rest_route=\/wp\/v2\/posts\/15069","targetHints":{"allow":["GET"]}}],"collection":[{"href":"https:\/\/www.levisurbain.ca\/index.php?rest_route=\/wp\/v2\/posts"}],"about":[{"href":"https:\/\/www.levisurbain.ca\/index.php?rest_route=\/wp\/v2\/types\/post"}],"author":[{"embeddable":true,"href":"https:\/\/www.levisurbain.ca\/index.php?rest_route=\/wp\/v2\/users\/5"}],"replies":[{"embeddable":true,"href":"https:\/\/www.levisurbain.ca\/index.php?rest_route=%2Fwp%2Fv2%2Fcomments&post=15069"}],"version-history":[{"count":1,"href":"https:\/\/www.levisurbain.ca\/index.php?rest_route=\/wp\/v2\/posts\/15069\/revisions"}],"predecessor-version":[{"id":16480,"href":"https:\/\/www.levisurbain.ca\/index.php?rest_route=\/wp\/v2\/posts\/15069\/revisions\/16480"}],"wp:attachment":[{"href":"https:\/\/www.levisurbain.ca\/index.php?rest_route=%2Fwp%2Fv2%2Fmedia&parent=15069"}],"wp:term":[{"taxonomy":"category","embeddable":true,"href":"https:\/\/www.levisurbain.ca\/index.php?rest_route=%2Fwp%2Fv2%2Fcategories&post=15069"},{"taxonomy":"post_tag","embeddable":true,"href":"https:\/\/www.levisurbain.ca\/index.php?rest_route=%2Fwp%2Fv2%2Ftags&post=15069"}],"curies":[{"name":"wp","href":"https:\/\/api.w.org\/{rel}","templated":true}]}}