{"id":15067,"date":"2014-03-26T11:43:15","date_gmt":"2014-03-26T15:43:15","guid":{"rendered":"http:\/\/www.levisurbain.ca\/?p=15067"},"modified":"2024-03-02T15:56:56","modified_gmt":"2024-03-02T20:56:56","slug":"inauguration-de-la-caserne-6","status":"publish","type":"post","link":"https:\/\/www.levisurbain.ca\/?p=15067","title":{"rendered":"Inauguration de la caserne 6"},"content":{"rendered":"<p><strong>LE TERRITOIRE DE L\u00c9VIS EST MAINTENANT PLUS S\u00c9CURITAIRE AVEC L\u2019AJOUT D\u2019UNE NOUVELLE CASERNE DE POMPIERS<\/strong><br \/>\nSource : Ville de L\u00e9vis<\/p>\n<blockquote><p>\u00ab Le centre du territoire de la Ville de L\u00e9vis dispose maintenant d\u2019un service de s\u00e9curit\u00e9 incendie ad\u00e9quat depuis la mise en place de la caserne 6 de Sainte-H\u00e9l\u00e8ne-de-Breakeyville \u00bb, a d\u00e9clar\u00e9 aujourd\u2019hui, le maire de L\u00e9vis, monsieur Gilles Lehouillier, \u00e0 l\u2019occasion de l\u2019inauguration officielle du 5e b\u00e2timent d\u00e9di\u00e9 au Service de la s\u00e9curit\u00e9 incendie sur le territoire de L\u00e9vis.<\/p>\n<p>\u00ab La caserne 6 dessert, en premi\u00e8re ligne, le sud du secteur de Saint-Jean-Chrysostome ainsi que les secteurs de Charny et de Sainte-H\u00e9l\u00e8ne-de-Breakeyville. La s\u00e9curit\u00e9 des L\u00e9visiennes et L\u00e9visiens de ce secteur est donc grandement accrue depuis l\u2019ouverture de cette nouvelle caserne \u00bb, a pr\u00e9cis\u00e9 monsieur Lehouillier, en pr\u00e9sence de monsieur Yves Despr\u00e9s, directeur du Service de la s\u00e9curit\u00e9 incendie, de madame Janet Jones, pr\u00e9sidente du comit\u00e9 de s\u00e9curit\u00e9 publique de la Ville de L\u00e9vis et conseill\u00e8re municipale, de membres de l\u2019\u00c9tat-major du Service de la s\u00e9curit\u00e9 incendie ainsi que de pompi\u00e8res et de pompiers de L\u00e9vis.<\/p>\n<p>Pour sa part, le directeur du Service de la s\u00e9curit\u00e9 incendie, monsieur Despr\u00e9s, s\u2019est montr\u00e9 heureux de pouvoir d\u00e9sormais compter sur ce nouvel \u00e9quipement. \u00ab Nous venons de poser un autre jalon dans l\u2019atteinte de l\u2019uniformisation des services sur l\u2019ensemble de la ville \u00bb, s\u2019est-il r\u00e9joui. Cette nouvelle caserne, dont les travaux ont d\u00e9but\u00e9 en octobre 2012, est \u00e9quip\u00e9e d\u2019un camion autopompe et d\u2019un camion-citerne utilis\u00e9s par les quatre pompiers pr\u00e9sents en permanence. Un camion-\u00e9chelle est \u00e9galement \u00e0 la disposition d\u2019une \u00e9quipe de rel\u00e8ve.<\/p>\n<p>\u00ab Notre objectif est de r\u00e9duire de fa\u00e7on significative les pertes attribuables \u00e0 l\u2019incendie et d\u2019accro\u00eetre l\u2019efficacit\u00e9 des services reli\u00e9s \u00e0 la s\u00e9curit\u00e9 incendie. Plusieurs actions ont donc \u00e9t\u00e9 programm\u00e9es, tant sur le plan de la pr\u00e9vention que dans l\u2019organisation m\u00eame du Service de la s\u00e9curit\u00e9 incendie. La construction de cette nouvelle caserne d\u2019incendie \u00e0 Saint-H\u00e9l\u00e8ne-de-Breakeyville d\u00e9coule directement de ces actions \u00bb, a soulign\u00e9 de son c\u00f4t\u00e9 la pr\u00e9sidente du comit\u00e9 de s\u00e9curit\u00e9 publique de la Ville de L\u00e9vis, madame Janet Jones.<\/p><\/blockquote>\n<p><!--more--><\/p>\n<blockquote><p>L\u2019ensemble du projet, coordonn\u00e9 et g\u00e9r\u00e9 par le Service du g\u00e9nie de la Ville, sous la responsabilit\u00e9 de monsieur Gilles Lauzon ing\u00e9nieur et monsieur David Bernier technicien, totalise 4,3 M$, terrain en sus. Le nouveau b\u00e2timent, qui a pignon sur rue au 7, rue Saint-Augustin, dans le secteur de Saint-H\u00e9l\u00e8ne-de-Breakeyville, est situ\u00e9 sur un terrain de 22 770 m\u00e8tres carr\u00e9s. Sa superficie est de 1 585 m\u00e8tres carr\u00e9s dont 1 135 m\u00e8tres carr\u00e9s sont consacr\u00e9s \u00e0 la caserne. La construction int\u00e8gre une section garage de 550 m\u00e8tres carr\u00e9s comportant trois portes situ\u00e9es \u00e0 l\u2019avant et trois portes situ\u00e9es \u00e0 l\u2019arri\u00e8re, une aire de vie incluant des espaces \u00e0 bureaux, un espace cuisine, un dortoir pour six pompi\u00e8res et pompiers, une salle de repos ainsi qu\u2019une salle de formation.<\/p>\n<p><strong>Une force de frappe am\u00e9lior\u00e9e<\/strong><br \/>\nRappelons que cette nouvelle caserne s\u2019ajoute aux quatre autres d\u00e9j\u00e0 en fonction 24 heures sur 24 dans les secteurs de L\u00e9vis, Saint-\u00c9tienne-de-Lauzon, Saint-Nicolas et Saint-Romuald. Ainsi, 26 pompi\u00e8res et pompiers sont d\u00e9sormais en alerte, en tout temps, dans les cinq casernes du territoire.<\/p>\n<p>Avec l\u2019ajout de cette caserne, le Service de la s\u00e9curit\u00e9 incendie compte maintenant 104 pompi\u00e8res et pompiers permanents. \u00ab \u00c0 terme, le Sch\u00e9ma de couverture de risques pr\u00e9voit un total de 120 pompi\u00e8res et pompiers permanents. Nous avons l\u2019intention d\u2019atteindre cet objectif avec l\u2019ajout d\u2019une sixi\u00e8me caserne qui verra le jour \u00e0 Pintendre \u00e0 la fin de l\u2019ann\u00e9e 2015 \u00bb, a fait savoir le maire de L\u00e9vis.<\/p>\n<p>Entr\u00e9 en vigueur en d\u00e9cembre 2010, le Sch\u00e9ma de couverture de risques en s\u00e9curit\u00e9 incendie pr\u00e9voit l\u2019arriv\u00e9e de dix pompiers sur les lieux d\u2019un incendie, et ce, dans un d\u00e9lai de 10 minutes.<\/p>\n<p><strong>Une \u00e9quipe d\u00e9vou\u00e9e et comp\u00e9tente<\/strong><br \/>\nMonsieur Lehouillier a profit\u00e9 de l\u2019occasion pour rendre hommage \u00e0 tout le personnel du Service de s\u00e9curit\u00e9 incendie dans la mise en \u0153uvre de cette vaste op\u00e9ration qui constitue pour les L\u00e9visiennes et L\u00e9visiens un moment de grande fiert\u00e9. \u00ab Nos pompi\u00e8res et nos pompiers agissent \u00e0 titre de premiers r\u00e9pondants et contribuent \u00e0 sauver des vies. Je profite de cette occasion pour souligner leur grand professionnalisme. D\u2019ailleurs, leur participation directe aux efforts de recherche dans le cadre de la trag\u00e9die du Lac M\u00e9gantic en est une preuve \u00bb, a ajout\u00e9 monsieur Lehouillier.<\/p><\/blockquote>\n","protected":false},"excerpt":{"rendered":"<p><strong>LE TERRITOIRE DE L\u00c9VIS EST MAINTENANT PLUS S\u00c9CURITAIRE AVEC L\u2019AJOUT D\u2019UNE NOUVELLE CASERNE DE POMPIERS<\/strong><br \/>\nSource : Ville de L\u00e9vis<\/p>\n<blockquote><p>\u00ab Le centre du territoire de la Ville de L\u00e9vis dispose maintenant d\u2019un service de s\u00e9curit\u00e9 incendie ad\u00e9quat depuis la mise en place de la caserne 6 de Sainte-H\u00e9l\u00e8ne-de-Breakeyville \u00bb, a d\u00e9clar\u00e9 aujourd\u2019hui, le maire de L\u00e9vis, monsieur Gilles Lehouillier, \u00e0 l\u2019occasion de l\u2019inauguration officielle du 5e b\u00e2timent d\u00e9di\u00e9 au Service de la s\u00e9curit\u00e9 incendie sur le territoire de L\u00e9vis.<\/p>\n<p>\u00ab La caserne 6 dessert, en premi\u00e8re ligne, le sud du secteur de Saint-Jean-Chrysostome ainsi que les secteurs de Charny et de Sainte-H\u00e9l\u00e8ne-de-Breakeyville. La s\u00e9curit\u00e9 des L\u00e9visiennes et L\u00e9visiens de ce secteur est donc grandement accrue depuis l\u2019ouverture de cette nouvelle caserne \u00bb, a pr\u00e9cis\u00e9 monsieur Lehouillier, en pr\u00e9sence de monsieur Yves Despr\u00e9s, directeur du Service de la s\u00e9curit\u00e9 incendie, de madame Janet Jones, pr\u00e9sidente du comit\u00e9 de s\u00e9curit\u00e9 publique de la Ville de L\u00e9vis et conseill\u00e8re municipale, de membres de l\u2019\u00c9tat-major du Service de la s\u00e9curit\u00e9 incendie ainsi que de pompi\u00e8res et de pompiers de L\u00e9vis.<\/p>\n<p>Pour sa part, le directeur du Service de la s\u00e9curit\u00e9 incendie, monsieur Despr\u00e9s, s\u2019est montr\u00e9 heureux de pouvoir d\u00e9sormais compter sur ce nouvel \u00e9quipement. \u00ab Nous venons de poser un autre jalon dans l\u2019atteinte de l\u2019uniformisation des services sur l\u2019ensemble de la ville \u00bb, s\u2019est-il r\u00e9joui. Cette nouvelle caserne, dont les travaux ont d\u00e9but\u00e9 en octobre 2012, est \u00e9quip\u00e9e d\u2019un camion autopompe et d\u2019un camion-citerne utilis\u00e9s par les quatre pompiers pr\u00e9sents en permanence. Un camion-\u00e9chelle est \u00e9galement \u00e0 la disposition d\u2019une \u00e9quipe de rel\u00e8ve.<\/p>\n<p>\u00ab Notre objectif est de r\u00e9duire de fa\u00e7on significative les pertes attribuables \u00e0 l\u2019incendie et d\u2019accro\u00eetre l\u2019efficacit\u00e9 des services reli\u00e9s \u00e0 la s\u00e9curit\u00e9 incendie. Plusieurs actions ont donc \u00e9t\u00e9 programm\u00e9es, tant sur le plan de la pr\u00e9vention que dans l\u2019organisation m\u00eame du Service de la s\u00e9curit\u00e9 incendie. La construction de cette nouvelle caserne d\u2019incendie \u00e0 Saint-H\u00e9l\u00e8ne-de-Breakeyville d\u00e9coule directement de ces actions \u00bb, a soulign\u00e9 de son c\u00f4t\u00e9 la pr\u00e9sidente du comit\u00e9 de s\u00e9curit\u00e9 publique de la Ville de L\u00e9vis, madame Janet Jones.<\/p><\/blockquote>\n<p><a href=\"http:\/\/www.levisurbain.ca\/?p=15067#more\">Lire la suite \u00bb<\/a><\/p>\n","protected":false},"author":1,"featured_media":0,"comment_status":"open","ping_status":"open","sticky":false,"template":"","format":"standard","meta":{"footnotes":""},"categories":[65],"tags":[],"class_list":["post-15067","post","type-post","status-publish","format-standard","hentry","category-gouvernement"],"_links":{"self":[{"href":"https:\/\/www.levisurbain.ca\/index.php?rest_route=\/wp\/v2\/posts\/15067","targetHints":{"allow":["GET"]}}],"collection":[{"href":"https:\/\/www.levisurbain.ca\/index.php?rest_route=\/wp\/v2\/posts"}],"about":[{"href":"https:\/\/www.levisurbain.ca\/index.php?rest_route=\/wp\/v2\/types\/post"}],"author":[{"embeddable":true,"href":"https:\/\/www.levisurbain.ca\/index.php?rest_route=\/wp\/v2\/users\/1"}],"replies":[{"embeddable":true,"href":"https:\/\/www.levisurbain.ca\/index.php?rest_route=%2Fwp%2Fv2%2Fcomments&post=15067"}],"version-history":[{"count":2,"href":"https:\/\/www.levisurbain.ca\/index.php?rest_route=\/wp\/v2\/posts\/15067\/revisions"}],"predecessor-version":[{"id":16482,"href":"https:\/\/www.levisurbain.ca\/index.php?rest_route=\/wp\/v2\/posts\/15067\/revisions\/16482"}],"wp:attachment":[{"href":"https:\/\/www.levisurbain.ca\/index.php?rest_route=%2Fwp%2Fv2%2Fmedia&parent=15067"}],"wp:term":[{"taxonomy":"category","embeddable":true,"href":"https:\/\/www.levisurbain.ca\/index.php?rest_route=%2Fwp%2Fv2%2Fcategories&post=15067"},{"taxonomy":"post_tag","embeddable":true,"href":"https:\/\/www.levisurbain.ca\/index.php?rest_route=%2Fwp%2Fv2%2Ftags&post=15067"}],"curies":[{"name":"wp","href":"https:\/\/api.w.org\/{rel}","templated":true}]}}