{"id":15057,"date":"2014-03-17T16:40:52","date_gmt":"2014-03-17T20:40:52","guid":{"rendered":"http:\/\/www.levisurbain.ca\/?p=15057"},"modified":"2024-03-02T16:06:08","modified_gmt":"2024-03-02T21:06:08","slug":"la-ville-a-envisage-de-confier-la-gestion-de-lecocentre-au-prive","status":"publish","type":"post","link":"https:\/\/www.levisurbain.ca\/?p=15057","title":{"rendered":"La Ville a envisag\u00e9 de confier la gestion de l\u2019\u00c9cocentre au priv\u00e9"},"content":{"rendered":"<p>Article de Pierre Duquet. Le Peuple L\u00e9vis.<\/p>\n<blockquote><p><strong>Le Service des mati\u00e8res r\u00e9siduelles a explor\u00e9 la possibilit\u00e9 de confier la gestion de l\u2019\u00c9cocentre \u00e0 l\u2019entreprise priv\u00e9e, indique une fiche de prise de d\u00e9cision de la Ville de L\u00e9vis. Toutefois, la Ville a plut\u00f4t d\u00e9cid\u00e9 de conclure une entente avec le syndicat des cols bleus. De plus, l\u2019\u00c9cocentre sera d\u00e9sormais accessible le dimanche.<\/strong><\/p>\n<p>En voulant confier la gestion de l\u2019\u00c9cocentre \u00e0 l\u2019entreprise priv\u00e9e, la Ville de L\u00e9vis cherchait \u00e0 rendre les horaires plus flexibles et, bien s\u00fbr, \u00e0 r\u00e9duire les co\u00fbts d\u2019exploitation. \u00c0 la suite d\u2019un appel d\u2019offres comportant plusieurs options, il est vite apparu que les soumissions obtenues ne permettraient pas de r\u00e9aliser des \u00e9conomies.<\/p>\n<p>La Ville s\u2019est donc tourn\u00e9e vers ses cols bleus et une entente a \u00e9t\u00e9 conclue. Celle-ci pr\u00e9voit un nouvel horaire modul\u00e9 selon les saisons en fonction de l\u2019achalandage connu. Selon la Ville, cet horaire am\u00e9lior\u00e9 permet d\u2019offrir une meilleure accessibilit\u00e9 \u00e0 l\u2019\u00c9cocentre tout en r\u00e9duisant les co\u00fbts de gestion.<\/p><\/blockquote>\n<p><!--more--><\/p>\n<blockquote><p><strong>Ouvert le dimanche, ferm\u00e9 le lundi<\/strong><br \/>\nOn estime que les plages horaires seront mieux adapt\u00e9es aux besoins des citoyens en p\u00e9riode hivernale. Le site sera alors accessible du mercredi au dimanche. En \u00e9t\u00e9, l\u2019\u00c9cocentre sera ouvert du mardi au dimanche. Dans les deux cas, le site sera ferm\u00e9 le lundi.<\/p>\n<p>L\u2019entente pr\u00e9voit le recours \u00e0 deux salari\u00e9s r\u00e9guliers \u00e0 temps plein et \u00e0 des salari\u00e9s temporaires pendant la p\u00e9riode estivale.<\/p>\n<p>Comme le rappelle la Ville de L\u00e9vis, l\u2019\u00c9cocentre est un lieu de d\u00e9p\u00f4t et de r\u00e9cup\u00e9ration d&rsquo;objets encombrants, de r\u00e9sidus domestiques dangereux, de r\u00e9sidus de construction, de d\u00e9molition et de r\u00e9novation ainsi que de mat\u00e9riaux secs, de r\u00e9sidus verts et d\u2019objets destin\u00e9s au r\u00e9emploi.<\/p>\n<p>L\u2019objectif premier de ce site est de valoriser la plus grande proportion de mati\u00e8res re\u00e7ues. Celles-ci sont soit recycl\u00e9es, r\u00e9employ\u00e9es ou compost\u00e9es et ainsi d\u00e9tourn\u00e9es de l\u2019enfouissement ou de l\u2019incin\u00e9ration.<\/p><\/blockquote>\n<p><img decoding=\"async\" alt=\"\" src=\"http:\/\/www.levisurbain.ca\/wp-content\/uploads\/peuple_levis.gif\" border=\"0\" \/><br \/>\nReproduit avec autorisation au moment de la publication sur ce blogue.<\/p>\n","protected":false},"excerpt":{"rendered":"<p>Article de Pierre Duquet. Le Peuple L\u00e9vis.<\/p>\n<blockquote><p><strong>Le Service des mati\u00e8res r\u00e9siduelles a explor\u00e9 la possibilit\u00e9 de confier la gestion de l\u2019\u00c9cocentre \u00e0 l\u2019entreprise priv\u00e9e, indique une fiche de prise de d\u00e9cision de la Ville de L\u00e9vis. Toutefois, la Ville a plut\u00f4t d\u00e9cid\u00e9 de conclure une entente avec le syndicat des cols bleus. De plus, l\u2019\u00c9cocentre sera d\u00e9sormais accessible le dimanche.<\/strong><\/p>\n<p>En voulant confier la gestion de l\u2019\u00c9cocentre \u00e0 l\u2019entreprise priv\u00e9e, la Ville de L\u00e9vis cherchait \u00e0 rendre les horaires plus flexibles et, bien s\u00fbr, \u00e0 r\u00e9duire les co\u00fbts d\u2019exploitation. \u00c0 la suite d\u2019un appel d\u2019offres comportant plusieurs options, il est vite apparu que les soumissions obtenues ne permettraient pas de r\u00e9aliser des \u00e9conomies.<\/p>\n<p>La Ville s\u2019est donc tourn\u00e9e vers ses cols bleus et une entente a \u00e9t\u00e9 conclue. Celle-ci pr\u00e9voit un nouvel horaire modul\u00e9 selon les saisons en fonction de l\u2019achalandage connu. Selon la Ville, cet horaire am\u00e9lior\u00e9 permet d\u2019offrir une meilleure accessibilit\u00e9 \u00e0 l\u2019\u00c9cocentre tout en r\u00e9duisant les co\u00fbts de gestion.<\/p><\/blockquote>\n<p> <a href=\"http:\/\/www.levisurbain.ca\/?p=15057#more\">Lire la suite \u00bb<\/a><\/p>\n","protected":false},"author":5,"featured_media":0,"comment_status":"open","ping_status":"open","sticky":false,"template":"","format":"standard","meta":{"footnotes":""},"categories":[71,65],"tags":[],"class_list":["post-15057","post","type-post","status-publish","format-standard","hentry","category-environnement","category-gouvernement"],"_links":{"self":[{"href":"https:\/\/www.levisurbain.ca\/index.php?rest_route=\/wp\/v2\/posts\/15057","targetHints":{"allow":["GET"]}}],"collection":[{"href":"https:\/\/www.levisurbain.ca\/index.php?rest_route=\/wp\/v2\/posts"}],"about":[{"href":"https:\/\/www.levisurbain.ca\/index.php?rest_route=\/wp\/v2\/types\/post"}],"author":[{"embeddable":true,"href":"https:\/\/www.levisurbain.ca\/index.php?rest_route=\/wp\/v2\/users\/5"}],"replies":[{"embeddable":true,"href":"https:\/\/www.levisurbain.ca\/index.php?rest_route=%2Fwp%2Fv2%2Fcomments&post=15057"}],"version-history":[{"count":2,"href":"https:\/\/www.levisurbain.ca\/index.php?rest_route=\/wp\/v2\/posts\/15057\/revisions"}],"predecessor-version":[{"id":16489,"href":"https:\/\/www.levisurbain.ca\/index.php?rest_route=\/wp\/v2\/posts\/15057\/revisions\/16489"}],"wp:attachment":[{"href":"https:\/\/www.levisurbain.ca\/index.php?rest_route=%2Fwp%2Fv2%2Fmedia&parent=15057"}],"wp:term":[{"taxonomy":"category","embeddable":true,"href":"https:\/\/www.levisurbain.ca\/index.php?rest_route=%2Fwp%2Fv2%2Fcategories&post=15057"},{"taxonomy":"post_tag","embeddable":true,"href":"https:\/\/www.levisurbain.ca\/index.php?rest_route=%2Fwp%2Fv2%2Ftags&post=15057"}],"curies":[{"name":"wp","href":"https:\/\/api.w.org\/{rel}","templated":true}]}}