{"id":15049,"date":"2014-03-11T11:43:29","date_gmt":"2014-03-11T15:43:29","guid":{"rendered":"http:\/\/www.levisurbain.ca\/?p=15049"},"modified":"2024-03-02T16:18:03","modified_gmt":"2024-03-02T21:18:03","slug":"gilles-lehouillier-ouvert-a-une-fusion-des-services-des-deux-rives-2","status":"publish","type":"post","link":"https:\/\/www.levisurbain.ca\/?p=15049","title":{"rendered":"R\u00e9am\u00e9nagement de la sortie 305 : le projet sur la glace"},"content":{"rendered":"<p>Article de Cynthia St-Hilaire. <a href=\"http:\/\/www.journaldelevis.com\/\" target=\"_blank\" rel=\"noopener\">Le Journal de L\u00e9vis<\/a>.<\/p>\n<blockquote><p><img decoding=\"async\" alt=\"\" src=\"http:\/\/www.levisurbain.ca\/wp-content\/uploads\/jdlevis_parcobus_11032014.jpg\" \/><\/p>\n<p><strong>Le ministre des Transports, Sylvain Gaudreault, a choisi de mettre sur la glace le projet de r\u00e9am\u00e9nagement de la sortie 305 de l&rsquo;autoroute 20 ouest.<\/strong><\/p>\n<p>Le d\u00e9put\u00e9 sortant des Chutes-de-la-Chaudi\u00e8re, Marc Picard, a \u00e9mis un communiqu\u00e9, la semaine derni\u00e8re, pour d\u00e9crier la mise en suspens de ce projet. Ce dernier accuse le ministre Gaudreault d&rsquo;avoir d\u00e9plac\u00e9 les sommes n\u00e9cessaires pour ce r\u00e9am\u00e9nagement vers le transport collectif.<\/p>\n<p>Le MTQ confirme que le projet d&rsquo;\u00e9largissement des voies \u00e0 la sortie 305 ne fait pas partie des priorit\u00e9s.<\/p>\n<p>\u00ab Nous sommes conscients qu&rsquo;il y a un probl\u00e8me de circulation \u00e0 cet endroit, mais nous sommes \u00e0 la recherche d&rsquo;une autre solution \u00bb, signale le porte-parole du MTQ, Guillaume Paradis.\\r\\nEt quelles sont les autres solutions envisag\u00e9es? M. Paradis n&rsquo;a pas de r\u00e9ponse pour l&rsquo;instant. \u00ab Tout ce que je peux vous dire, c&rsquo;est que le choix actuel c&rsquo;est de s&rsquo;assurer que les infrastructures actuelles soient s\u00e9curitaires \u00bb, a-t-il r\u00e9p\u00e9t\u00e9 \u00e0 maintes reprises.<\/p>\n<p>L&rsquo;am\u00e9nagement d&rsquo;un parc-o-bus aux abords de la sortie 305 par la Soci\u00e9t\u00e9 de transports de L\u00e9vis, l&rsquo;automne dernier, pourrait avoir pes\u00e9 dans la balance. \u00ab On ne peut pas penser am\u00e9liorer le transport routier sans le transport en commun \u00bb, se limite toutefois \u00e0 dire Guillaume Paradis.<\/p><\/blockquote>\n<p><a name=\"more\"><\/a><\/p>\n<blockquote><p><strong>Propri\u00e9taire l\u00e9s\u00e9<\/strong><br \/>\nLe propri\u00e9taire d&rsquo;un immeuble situ\u00e9 \u00e0 la sortie 305 est directement touch\u00e9 par cette d\u00e9cision du MTQ. \u00ab Celui-ci n&rsquo;a pas mis d&rsquo;argent dans sa b\u00e2tisse parce que le MTQ lui disait qu&rsquo;il allait \u00eatre expropri\u00e9, a mentionn\u00e9 Marc Picard. Il ne devait plus \u00eatre l\u00e0 pour septembre 2014. \u00bb<\/p>\n<p>M. Paradis pr\u00e9cise que ce n&rsquo;\u00e9tait pas un processus d&rsquo;expropriation, mais un processus d&rsquo;acquisition. \u00ab On a rencontr\u00e9 ce monsieur \u00e0 quelques reprises. Nous sommes vraiment d\u00e9sol\u00e9s pour les inconv\u00e9nients. Il peut faire une demande de d\u00e9dommagements s&rsquo;il consid\u00e8re avoir subi un pr\u00e9judice. \u00bb<\/p>\n<p>Le propri\u00e9taire a refus\u00e9 de s&rsquo;adresser au Journal de L\u00e9vis en laissant savoir qu&rsquo;il r\u00e9servait l&rsquo;exclusivit\u00e9 de son histoire au Peuple tribune.<\/p>\n<p>Quant \u00e0 la Ville, elle compte tenir un point de presse demain apr\u00e8s-midi afin de faire valoir sa position sur cet enjeu.<\/p><\/blockquote>\n<p><a href=\"http:\/\/www.journaldelevis.com\" target=\"_blank\" rel=\"noopener\"><img decoding=\"async\" alt=\"\" src=\"http:\/\/www.levisurbain.ca\/wp-content\/uploads\/jdl_logo2012.png\" border=\"0\" \/><\/a><br \/>\nReproduit avec autorisation.<\/p>\n","protected":false},"excerpt":{"rendered":"<p>Article de Cynthia St-Hilaire. <a href=\"http:\/\/www.journaldelevis.com\/\" target=\"_blank\" rel=\"noopener\">Le Journal de L\u00e9vis<\/a>.<\/p>\n<blockquote><p><img decoding=\"async\" alt=\"\" src=\"http:\/\/www.levisurbain.ca\/wp-content\/uploads\/jdlevis_parcobus_11032014.jpg\" \/><\/p>\n<p><strong>Le ministre des Transports, Sylvain Gaudreault, a choisi de mettre sur la glace le projet de r\u00e9am\u00e9nagement de la sortie 305 de l&rsquo;autoroute 20 ouest.<\/strong><\/p>\n<p>Le d\u00e9put\u00e9 sortant des Chutes-de-la-Chaudi\u00e8re, Marc Picard, a \u00e9mis un communiqu\u00e9, la semaine derni\u00e8re, pour d\u00e9crier la mise en suspens de ce projet. Ce dernier accuse le ministre Gaudreault d&rsquo;avoir d\u00e9plac\u00e9 les sommes n\u00e9cessaires pour ce r\u00e9am\u00e9nagement vers le transport collectif.<\/p>\n<p>Le MTQ confirme que le projet d&rsquo;\u00e9largissement des voies \u00e0 la sortie 305 ne fait pas partie des priorit\u00e9s.<\/p>\n<p>\u00ab Nous sommes conscients qu&rsquo;il y a un probl\u00e8me de circulation \u00e0 cet endroit, mais nous sommes \u00e0 la recherche d&rsquo;une autre solution \u00bb, signale le porte-parole du MTQ, Guillaume Paradis.\\r\\nEt quelles sont les autres solutions envisag\u00e9es? M. Paradis n&rsquo;a pas de r\u00e9ponse pour l&rsquo;instant. \u00ab Tout ce que je peux vous dire, c&rsquo;est que le choix actuel c&rsquo;est de s&rsquo;assurer que les infrastructures actuelles soient s\u00e9curitaires \u00bb, a-t-il r\u00e9p\u00e9t\u00e9 \u00e0 maintes reprises.<\/p>\n<p>L&rsquo;am\u00e9nagement d&rsquo;un parc-o-bus aux abords de la sortie 305 par la Soci\u00e9t\u00e9 de transports de L\u00e9vis, l&rsquo;automne dernier, pourrait avoir pes\u00e9 dans la balance. \u00ab On ne peut pas penser am\u00e9liorer le transport routier sans le transport en commun \u00bb, se limite toutefois \u00e0 dire Guillaume Paradis.<\/p><\/blockquote>\n<p> <a href=\"https:\/\/www.levisurbain.ca\/?p=15049#more\">Lire la suite \u00bb<\/a><\/p>\n","protected":false},"author":1,"featured_media":0,"comment_status":"open","ping_status":"open","sticky":false,"template":"","format":"standard","meta":{"footnotes":""},"categories":[65,60],"tags":[],"class_list":["post-15049","post","type-post","status-publish","format-standard","hentry","category-gouvernement","category-transports"],"_links":{"self":[{"href":"https:\/\/www.levisurbain.ca\/index.php?rest_route=\/wp\/v2\/posts\/15049","targetHints":{"allow":["GET"]}}],"collection":[{"href":"https:\/\/www.levisurbain.ca\/index.php?rest_route=\/wp\/v2\/posts"}],"about":[{"href":"https:\/\/www.levisurbain.ca\/index.php?rest_route=\/wp\/v2\/types\/post"}],"author":[{"embeddable":true,"href":"https:\/\/www.levisurbain.ca\/index.php?rest_route=\/wp\/v2\/users\/1"}],"replies":[{"embeddable":true,"href":"https:\/\/www.levisurbain.ca\/index.php?rest_route=%2Fwp%2Fv2%2Fcomments&post=15049"}],"version-history":[{"count":4,"href":"https:\/\/www.levisurbain.ca\/index.php?rest_route=\/wp\/v2\/posts\/15049\/revisions"}],"predecessor-version":[{"id":16491,"href":"https:\/\/www.levisurbain.ca\/index.php?rest_route=\/wp\/v2\/posts\/15049\/revisions\/16491"}],"wp:attachment":[{"href":"https:\/\/www.levisurbain.ca\/index.php?rest_route=%2Fwp%2Fv2%2Fmedia&parent=15049"}],"wp:term":[{"taxonomy":"category","embeddable":true,"href":"https:\/\/www.levisurbain.ca\/index.php?rest_route=%2Fwp%2Fv2%2Fcategories&post=15049"},{"taxonomy":"post_tag","embeddable":true,"href":"https:\/\/www.levisurbain.ca\/index.php?rest_route=%2Fwp%2Fv2%2Ftags&post=15049"}],"curies":[{"name":"wp","href":"https:\/\/api.w.org\/{rel}","templated":true}]}}