{"id":15035,"date":"2014-03-25T16:34:18","date_gmt":"2014-03-25T20:34:18","guid":{"rendered":"http:\/\/www.levisurbain.ca\/?p=15035"},"modified":"2024-03-02T16:03:38","modified_gmt":"2024-03-02T21:03:38","slug":"costco-ouvrira-en-novembre","status":"publish","type":"post","link":"https:\/\/www.levisurbain.ca\/?p=15035","title":{"rendered":"Costco ouvrira en novembre"},"content":{"rendered":"<p>Article de Cynthia St-Hilaire. <a href=\"http:\/\/www.journaldelevis.com\/\" target=\"_blank\" rel=\"noopener\">Le Journal de L\u00e9vis<\/a>.<\/p>\n<blockquote><p><strong>L&rsquo;ouverture du Costco et de son poste d&rsquo;essence aura lieu en novembre prochain, annonce Jean-Guy Turcotte, l&rsquo;un des actionnaires des Placements D.T, ma\u00eetre d&rsquo;\u0153uvre du d\u00e9veloppement du Carrefour Saint-Romuald.<\/strong><\/p>\n<p>\u00ab Ils (Costco) vont commencer \u00e0 creuser en mai\u00bb, avance M. Turcotte. Un h\u00f4tel et une caisse Desjardins s&rsquo;installeront aussi au carrefour, note-t-il.Logisco y \u00e9rigera \u00e9galement deux immeubles commerciaux de six \u00e9tages, d\u00e8s cette ann\u00e9e r\u00e9v\u00e8le l&rsquo;actionnaire. \u00ab Il y a d\u00e9j\u00e0 un immeuble qui est enti\u00e8rement lou\u00e9 et l&rsquo;autre l&rsquo;est au trois quarts. Il va y avoir une clinique m\u00e9dicale l\u00e0-dedans. \u00bb Sur son site, Logisco, affiche le Complexe p\u00f4le Sud, d&rsquo;une superficie de 270 000 pieds carr\u00e9s, qui sera \u00e9rig\u00e9 dans la rue Ernest-Lacasse. La construction de trois immeubles variant de trois \u00e0 cinq \u00e9tages est annonc\u00e9e pour 2014. Chacun de ces immeubles aura des locaux commerciaux au rez-de-chauss\u00e9e et des bureaux aux \u00e9tages sup\u00e9rieurs.<\/p>\n<p><strong>D\u00e9tails au compte-gouttes<\/strong><br \/>\nLa gestionnaire immobili\u00e8re, Nathalie Parent, la responsable de la location de ces espaces, a confirm\u00e9 que Logisco \u00ab a des projets de construction qui d\u00e9marreront bient\u00f4t.\u00bb Cette derni\u00e8re n&rsquo;a toutefois pas voulu en dire davantage sur les nouveaux venus au Carrefour Saint-Romuald.Le pr\u00e9sident de Placements D T, Denis St-Cyr, a \u00e9galement refus\u00e9 d&rsquo;offrir plus de d\u00e9tails sur les futures banni\u00e8res qui s&rsquo;installeront au Carrefour Saint-Romuald. Ce dernier a accus\u00e9 les m\u00e9dias de toujours mal rapporter ses propos.<\/p><\/blockquote>\n<p><a name=\"more\"><\/a><\/p>\n<blockquote><p>Il a toutefois laiss\u00e9 savoir que des annonces officielles devraient avoir lieu sous peu.Une information confirm\u00e9e par Yves Maurais de la Soci\u00e9t\u00e9 immobili\u00e8re Maestri Terra qui a n\u00e9goci\u00e9, notamment, la venue de Costco. \u00ab Nous serons heureux de communiquer avec vous lorsque nous aurons compl\u00e9t\u00e9 la strat\u00e9gie de communication au cours des prochaines semaines, et vous faire part du moment propice pour proc\u00e9der aux annonces \u00bb, a-t-il fait savoir par courriel.M\u00eame le Groupe Maurice, qui a d\u00e9but\u00e9 il y a deux semaines la construction du Quartier sud peine \u00e0 obtenir de l&rsquo;information concernant les futurs commerces. \u00ab On cherche des confirmations, admet le responsable de la mise en march\u00e9 pour le Quartier sud, Louis Desjardins. On esp\u00e8re que ces commerces vont suivre sous peu. \u00bb<\/p>\n<p>L&rsquo;ouverture du complexe de 300 appartements et 34 copropri\u00e9t\u00e9s pour retrait\u00e9s est pr\u00e9vue pour le 1er octobre. D&rsquo;ici l\u00e0, des commerces, pour l&rsquo;instant inconnus, devraient avoir ouvert leurs portes.<\/p><\/blockquote>\n<p><a href=\"http:\/\/www.journaldelevis.com\" target=\"_blank\" rel=\"noopener\"><img decoding=\"async\" alt=\"\" src=\"http:\/\/www.levisurbain.ca\/wp-content\/uploads\/jdl_logo2012.png\" border=\"0\" \/><\/a><br \/>\nReproduit avec autorisation.<\/p>\n","protected":false},"excerpt":{"rendered":"<p>Article de Cynthia St-Hilaire. <a href=\"http:\/\/www.journaldelevis.com\/\" target=\"_blank\" rel=\"noopener\">Le Journal de L\u00e9vis<\/a>.<\/p>\n<blockquote><p><strong>L&rsquo;ouverture du Costco et de son poste d&rsquo;essence aura lieu en novembre prochain, annonce Jean-Guy Turcotte, l&rsquo;un des actionnaires des Placements D.T, ma\u00eetre d&rsquo;\u0153uvre du d\u00e9veloppement du Carrefour Saint-Romuald.<\/strong><\/p>\n<p>\u00ab Ils (Costco) vont commencer \u00e0 creuser en mai\u00bb, avance M. Turcotte. Un h\u00f4tel et une caisse Desjardins s&rsquo;installeront aussi au carrefour, note-t-il.Logisco y \u00e9rigera \u00e9galement deux immeubles commerciaux de six \u00e9tages, d\u00e8s cette ann\u00e9e r\u00e9v\u00e8le l&rsquo;actionnaire. \u00ab Il y a d\u00e9j\u00e0 un immeuble qui est enti\u00e8rement lou\u00e9 et l&rsquo;autre l&rsquo;est au trois quarts. Il va y avoir une clinique m\u00e9dicale l\u00e0-dedans. \u00bb Sur son site, Logisco, affiche le Complexe p\u00f4le Sud, d&rsquo;une superficie de 270 000 pieds carr\u00e9s, qui sera \u00e9rig\u00e9 dans la rue Ernest-Lacasse. La construction de trois immeubles variant de trois \u00e0 cinq \u00e9tages est annonc\u00e9e pour 2014. Chacun de ces immeubles aura des locaux commerciaux au rez-de-chauss\u00e9e et des bureaux aux \u00e9tages sup\u00e9rieurs.<\/p>\n<p><strong>D\u00e9tails au compte-gouttes<\/strong><br \/>\nLa gestionnaire immobili\u00e8re, Nathalie Parent, la responsable de la location de ces espaces, a confirm\u00e9 que Logisco \u00ab a des projets de construction qui d\u00e9marreront bient\u00f4t.\u00bb Cette derni\u00e8re n&rsquo;a toutefois pas voulu en dire davantage sur les nouveaux venus au Carrefour Saint-Romuald.Le pr\u00e9sident de Placements D T, Denis St-Cyr, a \u00e9galement refus\u00e9 d&rsquo;offrir plus de d\u00e9tails sur les futures banni\u00e8res qui s&rsquo;installeront au Carrefour Saint-Romuald. Ce dernier a accus\u00e9 les m\u00e9dias de toujours mal rapporter ses propos.<\/p><\/blockquote>\n<p><a href=\"http:\/\/www.levisurbain.ca\/?p=15035#more\">Lire la suite \u00bb<\/a><\/p>\n","protected":false},"author":1,"featured_media":0,"comment_status":"open","ping_status":"open","sticky":false,"template":"","format":"standard","meta":{"footnotes":""},"categories":[58],"tags":[],"class_list":["post-15035","post","type-post","status-publish","format-standard","hentry","category-commerce-economie"],"_links":{"self":[{"href":"https:\/\/www.levisurbain.ca\/index.php?rest_route=\/wp\/v2\/posts\/15035","targetHints":{"allow":["GET"]}}],"collection":[{"href":"https:\/\/www.levisurbain.ca\/index.php?rest_route=\/wp\/v2\/posts"}],"about":[{"href":"https:\/\/www.levisurbain.ca\/index.php?rest_route=\/wp\/v2\/types\/post"}],"author":[{"embeddable":true,"href":"https:\/\/www.levisurbain.ca\/index.php?rest_route=\/wp\/v2\/users\/1"}],"replies":[{"embeddable":true,"href":"https:\/\/www.levisurbain.ca\/index.php?rest_route=%2Fwp%2Fv2%2Fcomments&post=15035"}],"version-history":[{"count":2,"href":"https:\/\/www.levisurbain.ca\/index.php?rest_route=\/wp\/v2\/posts\/15035\/revisions"}],"predecessor-version":[{"id":16487,"href":"https:\/\/www.levisurbain.ca\/index.php?rest_route=\/wp\/v2\/posts\/15035\/revisions\/16487"}],"wp:attachment":[{"href":"https:\/\/www.levisurbain.ca\/index.php?rest_route=%2Fwp%2Fv2%2Fmedia&parent=15035"}],"wp:term":[{"taxonomy":"category","embeddable":true,"href":"https:\/\/www.levisurbain.ca\/index.php?rest_route=%2Fwp%2Fv2%2Fcategories&post=15035"},{"taxonomy":"post_tag","embeddable":true,"href":"https:\/\/www.levisurbain.ca\/index.php?rest_route=%2Fwp%2Fv2%2Ftags&post=15035"}],"curies":[{"name":"wp","href":"https:\/\/api.w.org\/{rel}","templated":true}]}}