{"id":15031,"date":"2014-03-08T13:56:45","date_gmt":"2014-03-08T18:56:45","guid":{"rendered":"http:\/\/www.levisurbain.ca\/?p=15031"},"modified":"2024-03-02T16:26:50","modified_gmt":"2024-03-02T21:26:50","slug":"decision-de-lone-la-chambre-de-commerce-de-levis-se-rejouit-de-la-decision","status":"publish","type":"post","link":"https:\/\/www.levisurbain.ca\/?p=15031","title":{"rendered":"D\u00e9cision de l&rsquo;ON\u00c9 : La Chambre de commerce de L\u00e9vis se r\u00e9jouit de la d\u00e9cision"},"content":{"rendered":"<p>Source : <a href=\"http:\/\/www.cclevis.com\/Html\/fr\/index.html\" target=\"_blank\" rel=\"noopener\">La Chambre de commerce de L\u00e9vis<\/a>.<\/p>\n<blockquote><p>La Chambre de commerce de L\u00e9vis tient \u00e0 exprimer sa satisfaction \u00e0 l&rsquo;\u00e9gard de la d\u00e9cision positive rendue aujourd&rsquo;hui par l&rsquo;Office national de l&rsquo;\u00e9nergie (ON\u00c9) \u00e0 l&rsquo;\u00e9gard du projet d&rsquo;inversion de la Ligne 9B, et surtout ce que cela signifie pour la Raffinerie Jean-Gaulin de L\u00e9vis qui b\u00e9n\u00e9ficiera d&rsquo;un meilleur approvisionnement p\u00e9trolier en provenance de l&rsquo;Ouest du continent nord-am\u00e9ricain. <\/p>\n<p>\u00ab Comme nous avons eu l&rsquo;occasion de l&rsquo;exprimer en diff\u00e9rentes occasions et devant diverses instances, un acc\u00e8s facilit\u00e9 \u00e0 ce p\u00e9trole de source s\u00fbre et disponible \u00e0 meilleur co\u00fbt que les approvisionnements actuels, lesquels proviennent essentiellement de l&rsquo;\u00e9tranger, est une excellente nouvelle pour notre ville et notre r\u00e9gion \u00bb, a dit J\u00e9r\u00f4me Jolicoeur, pr\u00e9sident de la Chambre de commerce de L\u00e9vis. <\/p>\n<p>\u00ab Il est important de rappeler que l&rsquo;acc\u00e8s \u00e0 cette nouvelle source d&rsquo;approvisionnement permettra \u00e0 la raffinerie Jean-Gaulin de Valero \u00e0 L\u00e9vis, l&rsquo;une des plus avanc\u00e9es technologiquement en Am\u00e9rique du Nord, de mieux faire face \u00e0 la concurrence et de renforcer des emplois de qualit\u00e9 dans la r\u00e9gion.<\/p><\/blockquote>\n<p>=> <a href=\"http:\/\/www.newswire.ca\/fr\/story\/1318927\/la-chambre-de-commerce-de-levis-se-rejouit-de-la-decision-de-l-one-dans-le-dossier-du-renversement-de-la-ligne-9b\" target=\"_blank\" rel=\"noopener\">Lire la suite<\/a>.<\/p>\n","protected":false},"excerpt":{"rendered":"<p>Source : <a href=\"http:\/\/www.cclevis.com\/Html\/fr\/index.html\" target=\"_blank\" rel=\"noopener\">La Chambre de commerce de L\u00e9vis<\/a>.<\/p>\n<blockquote><p>La Chambre de commerce de L\u00e9vis tient \u00e0 exprimer sa satisfaction \u00e0 l&rsquo;\u00e9gard de la d\u00e9cision positive rendue aujourd&rsquo;hui par l&rsquo;Office national de l&rsquo;\u00e9nergie (ON\u00c9) \u00e0 l&rsquo;\u00e9gard du projet d&rsquo;inversion de la Ligne 9B, et surtout ce que cela signifie pour la Raffinerie Jean-Gaulin de L\u00e9vis qui b\u00e9n\u00e9ficiera d&rsquo;un meilleur approvisionnement p\u00e9trolier en provenance de l&rsquo;Ouest du continent nord-am\u00e9ricain. <\/p>\n<p>\u00ab Comme nous avons eu l&rsquo;occasion de l&rsquo;exprimer en diff\u00e9rentes occasions et devant diverses instances, un acc\u00e8s facilit\u00e9 \u00e0 ce p\u00e9trole de source s\u00fbre et disponible \u00e0 meilleur co\u00fbt que les approvisionnements actuels, lesquels proviennent essentiellement de l&rsquo;\u00e9tranger, est une excellente nouvelle pour notre ville et notre r\u00e9gion \u00bb, a dit J\u00e9r\u00f4me Jolicoeur, pr\u00e9sident de la Chambre de commerce de L\u00e9vis. <\/p>\n<p>\u00ab Il est important de rappeler que l&rsquo;acc\u00e8s \u00e0 cette nouvelle source d&rsquo;approvisionnement permettra \u00e0 la raffinerie Jean-Gaulin de Valero \u00e0 L\u00e9vis, l&rsquo;une des plus avanc\u00e9es technologiquement en Am\u00e9rique du Nord, de mieux faire face \u00e0 la concurrence et de renforcer des emplois de qualit\u00e9 dans la r\u00e9gion.<\/p><\/blockquote>\n<p>=> <a href=\"http:\/\/www.newswire.ca\/fr\/story\/1318927\/la-chambre-de-commerce-de-levis-se-rejouit-de-la-decision-de-l-one-dans-le-dossier-du-renversement-de-la-ligne-9b\" target=\"_blank\" rel=\"noopener\">Lire la suite<\/a>.<\/p>\n","protected":false},"author":5,"featured_media":0,"comment_status":"open","ping_status":"open","sticky":false,"template":"","format":"standard","meta":{"footnotes":""},"categories":[71,74,60],"tags":[82],"class_list":["post-15031","post","type-post","status-publish","format-standard","hentry","category-environnement","category-industriel","category-transports","tag-ultramar-valero"],"_links":{"self":[{"href":"https:\/\/www.levisurbain.ca\/index.php?rest_route=\/wp\/v2\/posts\/15031","targetHints":{"allow":["GET"]}}],"collection":[{"href":"https:\/\/www.levisurbain.ca\/index.php?rest_route=\/wp\/v2\/posts"}],"about":[{"href":"https:\/\/www.levisurbain.ca\/index.php?rest_route=\/wp\/v2\/types\/post"}],"author":[{"embeddable":true,"href":"https:\/\/www.levisurbain.ca\/index.php?rest_route=\/wp\/v2\/users\/5"}],"replies":[{"embeddable":true,"href":"https:\/\/www.levisurbain.ca\/index.php?rest_route=%2Fwp%2Fv2%2Fcomments&post=15031"}],"version-history":[{"count":1,"href":"https:\/\/www.levisurbain.ca\/index.php?rest_route=\/wp\/v2\/posts\/15031\/revisions"}],"predecessor-version":[{"id":16500,"href":"https:\/\/www.levisurbain.ca\/index.php?rest_route=\/wp\/v2\/posts\/15031\/revisions\/16500"}],"wp:attachment":[{"href":"https:\/\/www.levisurbain.ca\/index.php?rest_route=%2Fwp%2Fv2%2Fmedia&parent=15031"}],"wp:term":[{"taxonomy":"category","embeddable":true,"href":"https:\/\/www.levisurbain.ca\/index.php?rest_route=%2Fwp%2Fv2%2Fcategories&post=15031"},{"taxonomy":"post_tag","embeddable":true,"href":"https:\/\/www.levisurbain.ca\/index.php?rest_route=%2Fwp%2Fv2%2Ftags&post=15031"}],"curies":[{"name":"wp","href":"https:\/\/api.w.org\/{rel}","templated":true}]}}