{"id":15028,"date":"2014-03-07T16:06:20","date_gmt":"2014-03-07T21:06:20","guid":{"rendered":"http:\/\/www.levisurbain.ca\/?p=15028"},"modified":"2024-03-02T16:28:37","modified_gmt":"2024-03-02T21:28:37","slug":"le-centre-de-compostage-sur-la-glace-a-levis","status":"publish","type":"post","link":"https:\/\/www.levisurbain.ca\/?p=15028","title":{"rendered":"Le centre de compostage sur la glace \u00e0 L\u00e9vis"},"content":{"rendered":"<p>Article de St\u00e9phanie Martin. <a href=\"http:\/\/www.lesoleil.com\" target=\"_blank\" rel=\"noopener\">Le Soleil<\/a>.<\/p>\n<blockquote><p><strong>Le projet de centre de compostage \u00e0 L\u00e9vis est sur la glace. Plus de deux ans apr\u00e8s avoir achet\u00e9 les terrains, la Ville continue de faire traiter les mati\u00e8res compostables par le priv\u00e9.<\/strong><\/p>\n<p>La Ville avait men\u00e9 en septembre 2011 une consultation publique sur l&rsquo;implantation d&rsquo;un centre de compostage \u00e0 Saint-\u00c9tienne. Au cours de cette rencontre, on parlait d&rsquo;une mise en service en 2013. Depuis, plus de nouvelles. Jeudi, le conseiller Guy Dumoulin, pr\u00e9sident de la R\u00e9gie intermunicipale de gestion des d\u00e9chets des Chutes-de-la-Chaudi\u00e8re, a affirm\u00e9 que la d\u00e9cision n&rsquo;avait pas encore \u00e9t\u00e9 prise quant \u00e0 l&rsquo;installation dont la Ville souhaite se doter.<\/p><\/blockquote>\n<p>=> <a href=\"https:\/\/numerique.banq.qc.ca\/patrimoine\/details\/52327\/3539212?docpos=14\" target=\"_blank\" rel=\"noopener\">Lire la suite<\/a>.<\/p>\n","protected":false},"excerpt":{"rendered":"<p>Article de St\u00e9phanie Martin. <a href=\"http:\/\/www.lesoleil.com\" target=\"_blank\" rel=\"noopener\">Le Soleil<\/a>.<\/p>\n<blockquote><p><strong>Le projet de centre de compostage \u00e0 L\u00e9vis est sur la glace. Plus de deux ans apr\u00e8s avoir achet\u00e9 les terrains, la Ville continue de faire traiter les mati\u00e8res compostables par le priv\u00e9.<\/strong><\/p>\n<p>La Ville avait men\u00e9 en septembre 2011 une consultation publique sur l&rsquo;implantation d&rsquo;un centre de compostage \u00e0 Saint-\u00c9tienne. Au cours de cette rencontre, on parlait d&rsquo;une mise en service en 2013. Depuis, plus de nouvelles. Jeudi, le conseiller Guy Dumoulin, pr\u00e9sident de la R\u00e9gie intermunicipale de gestion des d\u00e9chets des Chutes-de-la-Chaudi\u00e8re, a affirm\u00e9 que la d\u00e9cision n&rsquo;avait pas encore \u00e9t\u00e9 prise quant \u00e0 l&rsquo;installation dont la Ville souhaite se doter.<\/p><\/blockquote>\n<p>=> <a href=\"https:\/\/numerique.banq.qc.ca\/patrimoine\/details\/52327\/3539212?docpos=14\" target=\"_blank\" rel=\"noopener\">Lire la suite<\/a>.<\/p>\n","protected":false},"author":5,"featured_media":0,"comment_status":"open","ping_status":"open","sticky":false,"template":"","format":"standard","meta":{"footnotes":""},"categories":[71,65],"tags":[],"class_list":["post-15028","post","type-post","status-publish","format-standard","hentry","category-environnement","category-gouvernement"],"_links":{"self":[{"href":"https:\/\/www.levisurbain.ca\/index.php?rest_route=\/wp\/v2\/posts\/15028","targetHints":{"allow":["GET"]}}],"collection":[{"href":"https:\/\/www.levisurbain.ca\/index.php?rest_route=\/wp\/v2\/posts"}],"about":[{"href":"https:\/\/www.levisurbain.ca\/index.php?rest_route=\/wp\/v2\/types\/post"}],"author":[{"embeddable":true,"href":"https:\/\/www.levisurbain.ca\/index.php?rest_route=\/wp\/v2\/users\/5"}],"replies":[{"embeddable":true,"href":"https:\/\/www.levisurbain.ca\/index.php?rest_route=%2Fwp%2Fv2%2Fcomments&post=15028"}],"version-history":[{"count":1,"href":"https:\/\/www.levisurbain.ca\/index.php?rest_route=\/wp\/v2\/posts\/15028\/revisions"}],"predecessor-version":[{"id":16501,"href":"https:\/\/www.levisurbain.ca\/index.php?rest_route=\/wp\/v2\/posts\/15028\/revisions\/16501"}],"wp:attachment":[{"href":"https:\/\/www.levisurbain.ca\/index.php?rest_route=%2Fwp%2Fv2%2Fmedia&parent=15028"}],"wp:term":[{"taxonomy":"category","embeddable":true,"href":"https:\/\/www.levisurbain.ca\/index.php?rest_route=%2Fwp%2Fv2%2Fcategories&post=15028"},{"taxonomy":"post_tag","embeddable":true,"href":"https:\/\/www.levisurbain.ca\/index.php?rest_route=%2Fwp%2Fv2%2Ftags&post=15028"}],"curies":[{"name":"wp","href":"https:\/\/api.w.org\/{rel}","templated":true}]}}