{"id":15025,"date":"2014-03-06T15:26:52","date_gmt":"2014-03-06T20:26:52","guid":{"rendered":"http:\/\/www.levisurbain.ca\/?p=15025"},"modified":"2024-03-02T16:33:08","modified_gmt":"2024-03-02T21:33:08","slug":"caserne-incendie-a-pintendre-pas-avant-2015","status":"publish","type":"post","link":"https:\/\/www.levisurbain.ca\/?p=15025","title":{"rendered":"Caserne incendie \u00e0 Pintendre : Pas avant 2015"},"content":{"rendered":"<p><img decoding=\"async\" alt=\"\" src=\"http:\/\/www.levisurbain.ca\/wp-content\/uploads\/caserne_pintendre_jdlevis_13022014.jpg\" \/><\/p>\n<p>Article de Cynthia St-Hilaire. <a href=\"http:\/\/www.journaldelevis.com\" target=\"_blank\" rel=\"noopener\">Le Journal de L\u00e9vis<\/a>.<\/p>\n<blockquote><p><strong>La construction de la caserne de pompiers \u00e0 Pintendre est report\u00e9e pour une seconde fois. D&rsquo;abord pr\u00e9vue en 2013, la construction a \u00e9t\u00e9 repouss\u00e9e \u00e0 2014 puis maintenant \u00e0 2015.<\/strong><\/p>\n<p>\u00ab La Ville avait des choix budg\u00e9taires \u00e0 faire \u00bb, a expliqu\u00e9 le directeur du Service incendies de L\u00e9vis, Yves Despr\u00e9s. Celui-ci n&rsquo;a pas non plus cach\u00e9 que les plans et devis pour passer \u00e0 l&rsquo;action cette ann\u00e9e, n&rsquo;\u00e9taient pas pr\u00eats pour la caserne qui aura pignon sur la route Kennedy face \u00e0 l&rsquo;h\u00f4tel Econo Lodge, en bordure de l&rsquo;autoroute 20.Le conseil municipal a donc adopt\u00e9 une r\u00e9solution, la semaine derni\u00e8re, pour demander au ministre de la S\u00e9curit\u00e9 publique le droit de reporter la construction. \u00ab Ce serait bien \u00e9tonnant qu&rsquo;il dise non \u00bb, convient M. Despr\u00e9s qui \u00e9value \u00e0 environ 5 M $ le co\u00fbt de construction.<\/p>\n<p>L&rsquo;assentiment du ministre est n\u00e9cessaire pour modifier le sch\u00e9ma de couverture de risque de la Ville adopt\u00e9 en 2010. \u00ab Le sch\u00e9ma c&rsquo;est le plan d&rsquo;affaires que la Ville s&rsquo;est donn\u00e9 pour son service incendies. Tant et aussi longtemps qu&rsquo;on le respecte, nous sommes \u00e0 l&rsquo;abri de poursuites. C&rsquo;est pour \u00e7a que si on veut report, il faut qu&rsquo;il soit accept\u00e9 par le ministre. \u00bbPintendre n&rsquo;est pas le seul endroit o\u00f9 un report a \u00e9t\u00e9 r\u00e9clam\u00e9. La Ville a \u00e9galement repouss\u00e9 de deux ans la construction de la caserne \u00e0 Breakeyville, d&rsquo;abord pr\u00e9vue pour 2011, et qui a finalement \u00e9t\u00e9 inaugur\u00e9e le 24 novembre dernier. Une \u00e9quipe de quatre pompiers est d\u00e9sormais pr\u00e9sente 24 heures sur 24 \u00e0 cette nouvelle caserne.<\/p><\/blockquote>\n<p><a name=\"more\"><\/a><\/p>\n<blockquote><p>Pintendre aura le m\u00eame nombre d&rsquo;effectifs une fois que sa caserne sera b\u00e2tie. Pour l&rsquo;instant, lors d&rsquo;un appel d&rsquo;urgence, c&rsquo;est une \u00e9quipe de la caserne de L\u00e9vis qui se met en route. Des pompiers, qui r\u00e9sident dans le secteur de Pintendre, sont \u00e9galement avis\u00e9s par t\u00e9l\u00e9avertisseurs. \u00ab On donne une bonne protection aux citoyens de Pintendre \u00bb, insiste M. Despr\u00e9s qui admet toutefois que la pr\u00e9sence de pompiers permanents sur le territoire am\u00e9liorera le d\u00e9lai d&rsquo;intervention.<\/p>\n<p>Le directeur du Service incendies a insist\u00e9 sur tous les efforts faits depuis les fusions en 2002 pour am\u00e9liorer le temps de r\u00e9ponse. \u00ab \u00c0 cette \u00e9poque, il y avait huit casernes sur le territoire dont 7 avec des pompiers \u00e0 temps partiel. Maintenant, nous avons cinq casernes o\u00f9 des \u00e9quipes sont pr\u00e9sentes 24 heures par jour. Il y a 26 pompiers en poste en tout temps.\u00bb<\/p>\n<p>Le gestionnaire a \u00e9galement fait valoir les investissements importants faits pour rajeunir les \u00e9quipements. L&rsquo;achat de deux camions autopompe, dont un avec \u00e9chelle, reste d&rsquo;ailleurs \u00e0 faire pour se conformer au sch\u00e9ma. La Ville a aussi demand\u00e9 un d\u00e9lai additionnel jusqu&rsquo;en 2017 pour les acqu\u00e9rir.<\/p><\/blockquote>\n<p><img decoding=\"async\" alt=\"\" src=\"http:\/\/www.levisurbain.ca\/wp-content\/uploads\/logo_jdlevis2013.jpg\" border=\"0\" \/><br \/>\nReproduit avec autorisation.<\/p>\n","protected":false},"excerpt":{"rendered":"<p><img decoding=\"async\" alt=\"\" src=\"http:\/\/www.levisurbain.ca\/wp-content\/uploads\/caserne_pintendre_jdlevis_13022014.jpg\" \/><\/p>\n<p>Article de Cynthia St-Hilaire. <a href=\"http:\/\/www.journaldelevis.com\" target=\"_blank\" rel=\"noopener\">Le Journal de L\u00e9vis<\/a>.<\/p>\n<blockquote><p><strong>La construction de la caserne de pompiers \u00e0 Pintendre est report\u00e9e pour une seconde fois. D&rsquo;abord pr\u00e9vue en 2013, la construction a \u00e9t\u00e9 repouss\u00e9e \u00e0 2014 puis maintenant \u00e0 2015.<\/strong><\/p>\n<p>\u00ab La Ville avait des choix budg\u00e9taires \u00e0 faire \u00bb, a expliqu\u00e9 le directeur du Service incendies de L\u00e9vis, Yves Despr\u00e9s. Celui-ci n&rsquo;a pas non plus cach\u00e9 que les plans et devis pour passer \u00e0 l&rsquo;action cette ann\u00e9e, n&rsquo;\u00e9taient pas pr\u00eats pour la caserne qui aura pignon sur la route Kennedy face \u00e0 l&rsquo;h\u00f4tel Econo Lodge, en bordure de l&rsquo;autoroute 20.Le conseil municipal a donc adopt\u00e9 une r\u00e9solution, la semaine derni\u00e8re, pour demander au ministre de la S\u00e9curit\u00e9 publique le droit de reporter la construction. \u00ab Ce serait bien \u00e9tonnant qu&rsquo;il dise non \u00bb, convient M. Despr\u00e9s qui \u00e9value \u00e0 environ 5 M $ le co\u00fbt de construction.<\/p>\n<p>L&rsquo;assentiment du ministre est n\u00e9cessaire pour modifier le sch\u00e9ma de couverture de risque de la Ville adopt\u00e9 en 2010. \u00ab Le sch\u00e9ma c&rsquo;est le plan d&rsquo;affaires que la Ville s&rsquo;est donn\u00e9 pour son service incendies. Tant et aussi longtemps qu&rsquo;on le respecte, nous sommes \u00e0 l&rsquo;abri de poursuites. C&rsquo;est pour \u00e7a que si on veut report, il faut qu&rsquo;il soit accept\u00e9 par le ministre. \u00bbPintendre n&rsquo;est pas le seul endroit o\u00f9 un report a \u00e9t\u00e9 r\u00e9clam\u00e9. La Ville a \u00e9galement repouss\u00e9 de deux ans la construction de la caserne \u00e0 Breakeyville, d&rsquo;abord pr\u00e9vue pour 2011, et qui a finalement \u00e9t\u00e9 inaugur\u00e9e le 24 novembre dernier. Une \u00e9quipe de quatre pompiers est d\u00e9sormais pr\u00e9sente 24 heures sur 24 \u00e0 cette nouvelle caserne.<\/p><\/blockquote>\n<p> <a href=\"https:\/\/www.levisurbain.ca\/?p=15025#more\">Lire la suite \u00bb<\/a><\/p>\n","protected":false},"author":5,"featured_media":0,"comment_status":"open","ping_status":"open","sticky":false,"template":"","format":"standard","meta":{"footnotes":""},"categories":[65],"tags":[],"class_list":["post-15025","post","type-post","status-publish","format-standard","hentry","category-gouvernement"],"_links":{"self":[{"href":"https:\/\/www.levisurbain.ca\/index.php?rest_route=\/wp\/v2\/posts\/15025","targetHints":{"allow":["GET"]}}],"collection":[{"href":"https:\/\/www.levisurbain.ca\/index.php?rest_route=\/wp\/v2\/posts"}],"about":[{"href":"https:\/\/www.levisurbain.ca\/index.php?rest_route=\/wp\/v2\/types\/post"}],"author":[{"embeddable":true,"href":"https:\/\/www.levisurbain.ca\/index.php?rest_route=\/wp\/v2\/users\/5"}],"replies":[{"embeddable":true,"href":"https:\/\/www.levisurbain.ca\/index.php?rest_route=%2Fwp%2Fv2%2Fcomments&post=15025"}],"version-history":[{"count":3,"href":"https:\/\/www.levisurbain.ca\/index.php?rest_route=\/wp\/v2\/posts\/15025\/revisions"}],"predecessor-version":[{"id":16504,"href":"https:\/\/www.levisurbain.ca\/index.php?rest_route=\/wp\/v2\/posts\/15025\/revisions\/16504"}],"wp:attachment":[{"href":"https:\/\/www.levisurbain.ca\/index.php?rest_route=%2Fwp%2Fv2%2Fmedia&parent=15025"}],"wp:term":[{"taxonomy":"category","embeddable":true,"href":"https:\/\/www.levisurbain.ca\/index.php?rest_route=%2Fwp%2Fv2%2Fcategories&post=15025"},{"taxonomy":"post_tag","embeddable":true,"href":"https:\/\/www.levisurbain.ca\/index.php?rest_route=%2Fwp%2Fv2%2Ftags&post=15025"}],"curies":[{"name":"wp","href":"https:\/\/api.w.org\/{rel}","templated":true}]}}