{"id":15020,"date":"2014-03-06T15:02:01","date_gmt":"2014-03-06T20:02:01","guid":{"rendered":"http:\/\/www.levisurbain.ca\/?p=15020"},"modified":"2024-03-02T16:39:04","modified_gmt":"2024-03-02T21:39:04","slug":"la-ville-de-levis-demande-a-via-rail-de-rouvrir-la-gare-de-charny","status":"publish","type":"post","link":"https:\/\/www.levisurbain.ca\/?p=15020","title":{"rendered":"La Ville de L\u00e9vis demande \u00e0 Via Rail de rouvrir la gare de Charny"},"content":{"rendered":"<p>Article de Pierre Duquet. Le Peuple L\u00e9vis<\/p>\n<blockquote><p><strong>La Ville de L\u00e9vis ne dig\u00e8re toujours pas la fermeture de la gare de Charny \u00e0 laquelle Via Rail a proc\u00e9d\u00e9, le 7 janvier dernier. Le conseil municipal a r\u00e9it\u00e9r\u00e9 \u00e0 l\u2019entreprise de r\u00e9tablir et m\u00eame consolider l\u2019offre de service de cette gare.<\/strong><\/p>\n<p>En 2013, sous l\u2019administration Roy Marinelli, la Ville avait \u00e9galement formul\u00e9 la m\u00eame demande par voie de r\u00e9solution. Le pr\u00e9sent conseil a fait de m\u00eame le 3 mars dernier. Le maire Gilles Lehouillier estime qu\u2019une perte de trois gares sur le territoire, c\u2019est trop. \u00ab Il faut rappeler que deux des trois gares qui existaient sur le territoire ont \u00e9t\u00e9 ferm\u00e9es par le pass\u00e9, a-t-il rappel\u00e9. On nous avait assur\u00e9s que la gare de Charny demeurerait en activit\u00e9. On demande aussi \u00e0 <a href=\"http:\/\/www.viarail.ca\/fr\" target=\"_blank\" rel=\"noopener\">Via Rail<\/a> d\u2019y maintenir la Maison des jeunes qui est en location dans ce b\u00e2timent. \u00bb<\/p>\n<p>En outre, la Ville a constat\u00e9 que plusieurs organismes ont interpell\u00e9 diff\u00e9rents intervenants \u00e0 la Ville de L\u00e9vis, de m\u00eame que chez Via Rail. Elle a donc d\u00e9sign\u00e9 le directeur de la vie communautaire comme porteur du dossier et seul intervenant avec les parties concern\u00e9es.<\/p>\n<p>La r\u00e9solution adopt\u00e9e stipule qu\u2019on attend aussi la d\u00e9cision de Via Rail au sujet de la disponibilit\u00e9 des espaces lou\u00e9s par la Maison des jeunes de Charny.<\/p><\/blockquote>\n<p><img decoding=\"async\" alt=\"\" src=\"http:\/\/www.levisurbain.ca\/wp-content\/uploads\/peuple_levis.gif\" border=\"0\" \/><br \/>\nReproduit avec autorisation au moment de la publication sur ce blogue.<\/p>\n","protected":false},"excerpt":{"rendered":"<p>Article de Pierre Duquet. Le Peuple L\u00e9vis<\/p>\n<blockquote><p><strong>La Ville de L\u00e9vis ne dig\u00e8re toujours pas la fermeture de la gare de Charny \u00e0 laquelle Via Rail a proc\u00e9d\u00e9, le 7 janvier dernier. Le conseil municipal a r\u00e9it\u00e9r\u00e9 \u00e0 l\u2019entreprise de r\u00e9tablir et m\u00eame consolider l\u2019offre de service de cette gare.<\/strong><\/p>\n<p>En 2013, sous l\u2019administration Roy Marinelli, la Ville avait \u00e9galement formul\u00e9 la m\u00eame demande par voie de r\u00e9solution. Le pr\u00e9sent conseil a fait de m\u00eame le 3 mars dernier. Le maire Gilles Lehouillier estime qu\u2019une perte de trois gares sur le territoire, c\u2019est trop. \u00ab Il faut rappeler que deux des trois gares qui existaient sur le territoire ont \u00e9t\u00e9 ferm\u00e9es par le pass\u00e9, a-t-il rappel\u00e9. On nous avait assur\u00e9s que la gare de Charny demeurerait en activit\u00e9. On demande aussi \u00e0 <a href=\"http:\/\/www.viarail.ca\/fr\" target=\"_blank\" rel=\"noopener\">Via Rail<\/a> d\u2019y maintenir la Maison des jeunes qui est en location dans ce b\u00e2timent. \u00bb<\/p>\n<p>En outre, la Ville a constat\u00e9 que plusieurs organismes ont interpell\u00e9 diff\u00e9rents intervenants \u00e0 la Ville de L\u00e9vis, de m\u00eame que chez Via Rail. Elle a donc d\u00e9sign\u00e9 le directeur de la vie communautaire comme porteur du dossier et seul intervenant avec les parties concern\u00e9es.<\/p>\n<p>La r\u00e9solution adopt\u00e9e stipule qu\u2019on attend aussi la d\u00e9cision de Via Rail au sujet de la disponibilit\u00e9 des espaces lou\u00e9s par la Maison des jeunes de Charny.<\/p><\/blockquote>\n<p><img decoding=\"async\" alt=\"\" src=\"http:\/\/www.levisurbain.ca\/wp-content\/uploads\/peuple_levis.gif\" border=\"0\" \/><br \/>\nReproduit avec autorisation au moment de la publication sur ce blogue.<\/p>\n","protected":false},"author":5,"featured_media":0,"comment_status":"open","ping_status":"open","sticky":false,"template":"","format":"standard","meta":{"footnotes":""},"categories":[65,60],"tags":[87],"class_list":["post-15020","post","type-post","status-publish","format-standard","hentry","category-gouvernement","category-transports","tag-cn"],"_links":{"self":[{"href":"https:\/\/www.levisurbain.ca\/index.php?rest_route=\/wp\/v2\/posts\/15020","targetHints":{"allow":["GET"]}}],"collection":[{"href":"https:\/\/www.levisurbain.ca\/index.php?rest_route=\/wp\/v2\/posts"}],"about":[{"href":"https:\/\/www.levisurbain.ca\/index.php?rest_route=\/wp\/v2\/types\/post"}],"author":[{"embeddable":true,"href":"https:\/\/www.levisurbain.ca\/index.php?rest_route=\/wp\/v2\/users\/5"}],"replies":[{"embeddable":true,"href":"https:\/\/www.levisurbain.ca\/index.php?rest_route=%2Fwp%2Fv2%2Fcomments&post=15020"}],"version-history":[{"count":1,"href":"https:\/\/www.levisurbain.ca\/index.php?rest_route=\/wp\/v2\/posts\/15020\/revisions"}],"predecessor-version":[{"id":16508,"href":"https:\/\/www.levisurbain.ca\/index.php?rest_route=\/wp\/v2\/posts\/15020\/revisions\/16508"}],"wp:attachment":[{"href":"https:\/\/www.levisurbain.ca\/index.php?rest_route=%2Fwp%2Fv2%2Fmedia&parent=15020"}],"wp:term":[{"taxonomy":"category","embeddable":true,"href":"https:\/\/www.levisurbain.ca\/index.php?rest_route=%2Fwp%2Fv2%2Fcategories&post=15020"},{"taxonomy":"post_tag","embeddable":true,"href":"https:\/\/www.levisurbain.ca\/index.php?rest_route=%2Fwp%2Fv2%2Ftags&post=15020"}],"curies":[{"name":"wp","href":"https:\/\/api.w.org\/{rel}","templated":true}]}}