{"id":13889,"date":"2019-03-19T12:19:06","date_gmt":"2019-03-19T16:19:06","guid":{"rendered":"http:\/\/www.levisurbain.ca\/?p=13889"},"modified":"2019-03-19T12:19:06","modified_gmt":"2019-03-19T16:19:06","slug":"interconnexion-les-autobus-de-levis-iront-a-quebec","status":"publish","type":"post","link":"https:\/\/www.levisurbain.ca\/?p=13889","title":{"rendered":"Interconnexion : les autobus de L\u00e9vis iront \u00e0 Qu\u00e9bec"},"content":{"rendered":"<p>Article de Marc-Antoine Lavoie. <a href=\"https:\/\/ici.radio-canada.ca\/quebec\" rel=\"noopener\" target=\"_blank\">Ici Radio-Canada.ca &#8211; R\u00e9gion de Qu\u00e9bec<\/a>.<\/p>\n<blockquote><p><strong>On ne verra jamais d&rsquo;autobus du R\u00e9seau de transports de la Capitale (RTC) s&rsquo;aventurer \u00e0 L\u00e9vis, confirme Gilles Lehouillier. Le maire affirme que deux solutions sont \u00e0 l&rsquo;\u00e9tude pour assurer l&rsquo;interconnexion entre les deux rives et que ce sont les v\u00e9hicules de L\u00e9vis \u00ab qui vont traverser \u00e0 Qu\u00e9bec, peu importe le sc\u00e9nario \u00bb.<\/strong><\/p>\n<p>Les autobus de la Soci\u00e9t\u00e9 de transport de L\u00e9vis (STL\u00e9vis) s\u2019arr\u00eateront donc pr\u00e8s d\u2019un p\u00f4le d&rsquo;\u00e9change au nord des ponts Pierre-Laporte et de Qu\u00e9bec.<\/p>\n<p>Sans pr\u00e9ciser l\u2019endroit exact o\u00f9 les passagers passeront de r\u00e9seau de transport \u00e0 l\u2019autre, le maire de L\u00e9vis indique que le minist\u00e8re des Transports du Qu\u00e9bec (MTQ) a \u00ab d\u00e9pos\u00e9 deux sc\u00e9narios pour assurer l&rsquo;interconnexion dans l&rsquo;ouest \u00bb.<\/p><\/blockquote>\n<p>=> La suite sur <a href=\"https:\/\/ici.radio-canada.ca\/nouvelle\/1159096\/interconnexion-autobus-levis-quebec-mtq-tramway-rtc-lehouillier\" rel=\"noopener\" target=\"_blank\">Ici Radio-Canada.ca<\/a>.<\/p>\n","protected":false},"excerpt":{"rendered":"<p>Article de Marc-Antoine Lavoie. Ici Radio-Canada.ca &#8211; R\u00e9gion de Qu\u00e9bec. On ne verra jamais d&rsquo;autobus du R\u00e9seau de transports de la Capitale (RTC) s&rsquo;aventurer \u00e0 L\u00e9vis, confirme Gilles Lehouillier. Le maire affirme que deux solutions sont \u00e0 l&rsquo;\u00e9tude pour assurer l&rsquo;interconnexion entre les deux rives et que ce sont les v\u00e9hicules de L\u00e9vis \u00ab qui\u2026 <span class=\"read-more\"><a href=\"https:\/\/www.levisurbain.ca\/?p=13889\">Lire la suite &raquo;<\/a><\/span><\/p>\n","protected":false},"author":5,"featured_media":0,"comment_status":"open","ping_status":"open","sticky":false,"template":"","format":"standard","meta":{"footnotes":""},"categories":[60],"tags":[64,66],"class_list":["post-13889","post","type-post","status-publish","format-standard","hentry","category-transports","tag-stlevis","tag-tramway-srb"],"_links":{"self":[{"href":"https:\/\/www.levisurbain.ca\/index.php?rest_route=\/wp\/v2\/posts\/13889","targetHints":{"allow":["GET"]}}],"collection":[{"href":"https:\/\/www.levisurbain.ca\/index.php?rest_route=\/wp\/v2\/posts"}],"about":[{"href":"https:\/\/www.levisurbain.ca\/index.php?rest_route=\/wp\/v2\/types\/post"}],"author":[{"embeddable":true,"href":"https:\/\/www.levisurbain.ca\/index.php?rest_route=\/wp\/v2\/users\/5"}],"replies":[{"embeddable":true,"href":"https:\/\/www.levisurbain.ca\/index.php?rest_route=%2Fwp%2Fv2%2Fcomments&post=13889"}],"version-history":[{"count":0,"href":"https:\/\/www.levisurbain.ca\/index.php?rest_route=\/wp\/v2\/posts\/13889\/revisions"}],"wp:attachment":[{"href":"https:\/\/www.levisurbain.ca\/index.php?rest_route=%2Fwp%2Fv2%2Fmedia&parent=13889"}],"wp:term":[{"taxonomy":"category","embeddable":true,"href":"https:\/\/www.levisurbain.ca\/index.php?rest_route=%2Fwp%2Fv2%2Fcategories&post=13889"},{"taxonomy":"post_tag","embeddable":true,"href":"https:\/\/www.levisurbain.ca\/index.php?rest_route=%2Fwp%2Fv2%2Ftags&post=13889"}],"curies":[{"name":"wp","href":"https:\/\/api.w.org\/{rel}","templated":true}]}}