{"id":13886,"date":"2019-03-13T12:24:43","date_gmt":"2019-03-13T16:24:43","guid":{"rendered":"http:\/\/www.levisurbain.ca\/?p=13886"},"modified":"2019-03-13T12:24:43","modified_gmt":"2019-03-13T16:24:43","slug":"559-m-pour-repeinturer-le-pont-de-quebec","status":"publish","type":"post","link":"https:\/\/www.levisurbain.ca\/?p=13886","title":{"rendered":"559 M$ pour repeinturer le pont de Qu\u00e9bec"},"content":{"rendered":"<p>Article de Ta\u00efeb Moalla. <a href=\"https:\/\/www.journaldequebec.com\" rel=\"noopener\" target=\"_blank\">Le journal de Qu\u00e9bec<\/a>.<\/p>\n<blockquote><p><strong>Ce n\u2019est pas de sit\u00f4t que la rouille dispara\u00eetra de la \u00ab 8e merveille du monde \u00bb : Ottawa \u00e9value d\u00e9sormais \u00e0 559 M$ les co\u00fbts de restauration de la peinture du pont de Qu\u00e9bec, \u00e9chelonn\u00e9s \u00ab sur une p\u00e9riode de 25 ans \u00bb.<\/strong>  <\/p>\n<p>Selon le sc\u00e9nario le plus r\u00e9cent dont notre Bureau parlementaire a obtenu copie, le gouvernement Trudeau propose au Canadien National (CN) et au gouvernement du Qu\u00e9bec de se partager la facture en trois, soit une contribution de 186,33 M$ chacun.<\/p><\/blockquote>\n<p>=> La suite sur <a href=\"https:\/\/www.journaldequebec.com\/2019\/03\/13\/559m-sur-25-ans-pour-la-peinture\" rel=\"noopener\" target=\"_blank\">journaldequebec.com<\/a>.<\/p>\n","protected":false},"excerpt":{"rendered":"<p>Article de Ta\u00efeb Moalla. Le journal de Qu\u00e9bec. Ce n\u2019est pas de sit\u00f4t que la rouille dispara\u00eetra de la \u00ab 8e merveille du monde \u00bb : Ottawa \u00e9value d\u00e9sormais \u00e0 559 M$ les co\u00fbts de restauration de la peinture du pont de Qu\u00e9bec, \u00e9chelonn\u00e9s \u00ab sur une p\u00e9riode de 25 ans \u00bb. Selon le sc\u00e9nario\u2026 <span class=\"read-more\"><a href=\"https:\/\/www.levisurbain.ca\/?p=13886\">Lire la suite &raquo;<\/a><\/span><\/p>\n","protected":false},"author":5,"featured_media":0,"comment_status":"open","ping_status":"open","sticky":false,"template":"","format":"standard","meta":{"footnotes":""},"categories":[65,68,60],"tags":[73],"class_list":["post-13886","post","type-post","status-publish","format-standard","hentry","category-gouvernement","category-patrimoine","category-transports","tag-pont-de-quebec"],"_links":{"self":[{"href":"https:\/\/www.levisurbain.ca\/index.php?rest_route=\/wp\/v2\/posts\/13886","targetHints":{"allow":["GET"]}}],"collection":[{"href":"https:\/\/www.levisurbain.ca\/index.php?rest_route=\/wp\/v2\/posts"}],"about":[{"href":"https:\/\/www.levisurbain.ca\/index.php?rest_route=\/wp\/v2\/types\/post"}],"author":[{"embeddable":true,"href":"https:\/\/www.levisurbain.ca\/index.php?rest_route=\/wp\/v2\/users\/5"}],"replies":[{"embeddable":true,"href":"https:\/\/www.levisurbain.ca\/index.php?rest_route=%2Fwp%2Fv2%2Fcomments&post=13886"}],"version-history":[{"count":0,"href":"https:\/\/www.levisurbain.ca\/index.php?rest_route=\/wp\/v2\/posts\/13886\/revisions"}],"wp:attachment":[{"href":"https:\/\/www.levisurbain.ca\/index.php?rest_route=%2Fwp%2Fv2%2Fmedia&parent=13886"}],"wp:term":[{"taxonomy":"category","embeddable":true,"href":"https:\/\/www.levisurbain.ca\/index.php?rest_route=%2Fwp%2Fv2%2Fcategories&post=13886"},{"taxonomy":"post_tag","embeddable":true,"href":"https:\/\/www.levisurbain.ca\/index.php?rest_route=%2Fwp%2Fv2%2Ftags&post=13886"}],"curies":[{"name":"wp","href":"https:\/\/api.w.org\/{rel}","templated":true}]}}