{"id":9036,"date":"2017-04-19T12:19:37","date_gmt":"2017-04-19T17:19:37","guid":{"rendered":"http:\/\/www.levisurbain.ca\/?p=9036"},"modified":"2018-02-15T21:03:04","modified_gmt":"2018-02-16T02:03:04","slug":"revitalisation-du-secteur-de-la-traverse-une-nouvelle-rue-saint-laurent-metamorphosee-et-des-amenagements-au-quai-paquet","status":"publish","type":"post","link":"http:\/\/www.levisurbain.ca\/?p=9036","title":{"rendered":"Revitalisation du secteur de la traverse : Une nouvelle rue Saint-Laurent m\u00e9tamorphos\u00e9e et des am\u00e9nagements au Quai Paquet"},"content":{"rendered":"<p>Communiqu\u00e9 de la Ville de L\u00e9vis<\/p>\n<p><img loading=\"lazy\" decoding=\"async\" class=\"aligncenter wp-image-9037 size-full\" src=\"http:\/\/www.levisurbain.ca\/wp-content\/uploads\/ruestlaurent_villedelevis.jpg\" alt=\"\" width=\"575\" height=\"424\" srcset=\"http:\/\/www.levisurbain.ca\/wp-content\/uploads\/ruestlaurent_villedelevis.jpg 575w, http:\/\/www.levisurbain.ca\/wp-content\/uploads\/ruestlaurent_villedelevis-300x221.jpg 300w\" sizes=\"auto, (max-width: 575px) 100vw, 575px\" \/><\/p>\n<p style=\"text-align: center;\">(Pour voir le plan d&rsquo;am\u00e9nagement, c&rsquo;est<a href=\"https:\/\/drive.google.com\/file\/d\/0B7MxFSei---rcW5fMnhyVUx1RTg\/view\" target=\"_blank\"> ici<\/a>)<\/p>\n<blockquote><p><strong>Le maire de L\u00e9vis, monsieur Gilles Lehouillier, en compagnie du conseiller municipal du district, monsieur Pierre Lainesse, a annonc\u00e9 le phasage de la r\u00e9alisation des travaux de la rue Saint-Laurent dont les co\u00fbts sont \u00e9valu\u00e9s \u00e0 15\u00a0M$. <\/strong><\/p>\n<p>Le maire a profit\u00e9 de l\u2019occasion pour annoncer la mise en place des am\u00e9nagements temporaires ainsi que des am\u00e9liorations permanentes qui seront faits cet \u00e9t\u00e9 au Quai Paquet dans le but d\u2019offrir de meilleurs services aux utilisatrices et utilisateurs. Le co\u00fbt total pour ces travaux en 2017 se chiffre \u00e0 400\u00a0000\u00a0$. De plus, d\u00e8s 2018, un pavillon permanent sera construit sur le site du Quai Paquet.<\/p>\n<p>\u00ab\u00a0Nous poursuivons nos efforts pour dynamiser le secteur de la traverse afin de faire vivre \u00e0 la population de L\u00e9vis et aux touristes une exp\u00e9rience \u00e0 la hauteur de la beaut\u00e9 du site. Gr\u00e2ce aux nouveaux \u00e9quipements qui seront install\u00e9s d\u00e8s cet \u00e9t\u00e9, nous serons en mesure de r\u00e9pondre \u00e0 la demande et d\u2019offrir des infrastructures adapt\u00e9es \u00e0 la nouvelle vocation du Quai Paquet. Je suis tr\u00e8s fier puisque nous avons cr\u00e9\u00e9 une signature ax\u00e9e sur la mise en valeur du fleuve Saint-Laurent et de ses affluents\u00a0\u00bb, a fi\u00e8rement affirm\u00e9 le maire de L\u00e9vis, monsieur Gilles Lehouillier.<!--more--><\/p>\n<p><a name=\"more\"><\/a><strong>Travaux de la rue Saint-Laurent<\/strong><br \/>\nLes travaux de la premi\u00e8re phase seront r\u00e9alis\u00e9s d\u00e8s cette ann\u00e9e, entre les mois d\u2019avril et de juillet. Un arr\u00eat des travaux sera effectu\u00e9 du 15<strong>\u00a0<\/strong>juillet au 6\u00a0ao\u00fbt, afin de faciliter l\u2019acc\u00e8s aux grands \u00e9v\u00e8nements pr\u00e9vus sur le site. Par la suite, les travaux reprendront le 7\u00a0ao\u00fbt jusqu\u2019\u00e0 la fin du mois de d\u00e9cembre\u00a02017. En 2018, la Ville proc\u00e9dera \u00e0 la r\u00e9fection compl\u00e8te et \u00e0 l\u2019am\u00e9nagement de la rue\u00a0Louis\u2011Fr\u00e9chette, incluant la r\u00e9fection du mur de sout\u00e8nement.<\/p>\n<p>Le nouvel am\u00e9nagement du secteur a \u00e9t\u00e9 conceptualis\u00e9 et envisag\u00e9 \u00e0 partir de la nouvelle signature de L\u00e9vis, qui est de redonner le fleuve et ses affluents aux citoyennes et citoyens.<\/p>\n<p>\u00ab\u00a0En 2017 et 2018, la ville proc\u00e9dera \u00e0 des travaux d\u2019am\u00e9nagement d\u2019envergure. Le rendu final sera magnifique et contribuera \u00e0 maintenir un engouement fort pour le Vieux-L\u00e9vis. Notre priorit\u00e9 est de favoriser l\u2019accessibilit\u00e9 au secteur pendant toute la dur\u00e9e des travaux. Ainsi, l\u2019acc\u00e8s aux stationnements publics sera conserv\u00e9, avec 468\u00a0cases disponibles. Nous annoncerons dans quelques semaines un projet-pilote qui offrira aux L\u00e9visiennes et L\u00e9visiens une option suppl\u00e9mentaire fort int\u00e9ressante pour acc\u00e9der au secteur\u00a0\u00bb, a ajout\u00e9 le maire de L\u00e9vis.<\/p>\n<p>Depuis 2010, ce sont plus de 71\u00a0M$ qui ont \u00e9t\u00e9 investis dans le Vieux-L\u00e9vis. Au cours des trois prochaines ann\u00e9es, des investissements additionnels de plus de 15\u00a0M$ viendront compl\u00e9ter la revitalisation de ce secteur n\u00e9vralgique incluant la c\u00f4te Fr\u00e9chette, la terrasse du Chevalier-De L\u00e9vis, l\u2019am\u00e9nagement de la c\u00f4te des B\u00fbches ainsi que la r\u00e9fection de la rue B\u00e9gin.<\/p>\n<p>\u00ab\u00a0Au cours des derni\u00e8res ann\u00e9es, le Vieux-L\u00e9vis a \u00e9t\u00e9 au c\u0153ur d\u2019une transformation majeure. Aujourd\u2019hui, je suis tr\u00e8s heureux d\u2019annoncer que nous poursuivons nos efforts afin d\u2019augmenter la qualit\u00e9 de vie des citoyennes et citoyens, d\u2019assurer la p\u00e9rennit\u00e9 des infrastructures du territoire et de mettre en valeur les quartiers anciens\u00a0\u00bb, a d\u00e9clar\u00e9 le conseiller municipal du district, monsieur Pierre Lainesse.<\/p>\n<p><strong>\u00c9ch\u00e9ancier des travaux de la rue Saint-Laurent<br \/>\n<\/strong>Consid\u00e9rant l\u2019ampleur des travaux de revitalisation \u00e0 effectuer, plusieurs phases sont pr\u00e9vues\u00a0:<\/p>\n<ul>\n<li><strong>Mars et avril 2017\u00a0:\u00a0<\/strong>enfouissement des fils \u00e9lectriques sur la rue Saint-Laurent (travaux effectu\u00e9s par Hydro-Qu\u00e9bec)<\/li>\n<li><strong>Fin avril \u00e0 la mi-juillet 2017\u00a0:\u00a0<\/strong>d\u00e9molition de l\u2019escalier Labadie (commun\u00e9ment appel\u00e9e l\u2019escalier gris), reconstruction des r\u00e9seaux d\u2019\u00e9gouts \u00e0 cet endroit, construction et am\u00e9nagement d\u2019un sentier pi\u00e9tonnier afin conserver le lien reliant les rues Saint-Laurent et Despr\u00e8s.<\/li>\n<li><strong>\u00a08 mai au 14 juillet 2017\u00a0:\u00a0<\/strong>r\u00e9fection compl\u00e8te de la rue de la rue St-Laurent entre la c\u00f4te Louis-Fr\u00e9chette et la Traverse, incluant l\u2019ajout d\u2019am\u00e9nagements paysagers.<\/li>\n<li>\u00a0<strong>15 juillet au 6 ao\u00fbt 2017\u00a0:<\/strong>\u00a0aucuns travaux.<\/li>\n<li>\u00a0<strong>7 ao\u00fbt \u00e0 mi-d\u00e9cembre 2017\u00a0:\u00a0<\/strong>r\u00e9fection compl\u00e8te de la rue de la rue Saint-Laurent entre l\u2019ancien Chantier A. C. Davie et la rue Montcalm.<\/li>\n<li><strong>\u00a0Travaux pr\u00e9vus en 2018\u00a0:\u00a0<\/strong>r\u00e9fection compl\u00e8te et am\u00e9nagement de la rue Louis-Fr\u00e9chette, incluant la r\u00e9fection du mur de sout\u00e8nement.<\/li>\n<\/ul>\n<p><strong>Am\u00e9nagements sur le Quai Paquet<br \/>\n<\/strong>En raison du grand succ\u00e8s qu\u2019a connu le secteur de la fontaine l\u2019an dernier, la Ville ajoutera des \u00e9quipements qui faciliteront l\u2019acc\u00e8s aux services sur le site et am\u00e9lioreront l\u2019exp\u00e9rience v\u00e9cue par les touristes lors des grands \u00e9v\u00e8nements.<\/p>\n<p>D\u00e8s cet \u00e9t\u00e9, un pavillon de service temporaire sera install\u00e9 au Quai Paquet afin de fournir des toilettes et des vestiaires aux visiteurs. Il sera remplac\u00e9 par un pavillon de service permanent en 2018. Afin d\u2019embellir le secteur, la Ville a pr\u00e9vu ajouter des arbres et des arbustes \u00e0 diff\u00e9rents endroits pr\u00e8s de la fontaine afin de cr\u00e9er des zones d\u2019ombre en plus de proc\u00e9der \u00e0 l\u2019installation d\u2019\u00e9quipements suppl\u00e9mentaires incluant une buvette d\u2019eau, des supports \u00e0 v\u00e9lo et des poubelles ainsi que certains \u00e9quipements sp\u00e9cifiques aux grands \u00e9v\u00e8nements (poubelles, tables \u00e0 pique-nique, supports \u00e0 v\u00e9los).<\/p>\n<p>En phase avec les travaux dans le secteur, le trac\u00e9 de la piste cyclable a \u00e9t\u00e9 d\u00e9plac\u00e9 et amen\u00e9 en bordure de la rue Saint-Laurent afin d\u2019\u00eatre plus s\u00e9curitaire. Aussi, pour bonifier l\u2019exp\u00e9rience des visiteurs, une nouvelle signalisation sera mise en place sur le site afin de mieux diriger et informer la population. Un syst\u00e8me de son permanent sera \u00e9galement install\u00e9 sur le site pour les grands \u00e9v\u00e8nements pr\u00e9vus pendant la p\u00e9riode estivale.<\/p>\n<p>\u00ab\u00a0Le succ\u00e8s de la Fontaine du Quai Paquet a d\u00e9pass\u00e9 nos attentes l\u2019an dernier. Nous avons constat\u00e9 que l\u2019engouement pour cette place publique \u00e9tait bien r\u00e9el et nous avons \u00e9cout\u00e9 les commentaires des L\u00e9visiens et L\u00e9visiennes afin d\u2019apporter certaines am\u00e9liorations sur le site\u00a0\u00bb, a affirm\u00e9 le maire de L\u00e9vis.<\/p><\/blockquote>\n","protected":false},"excerpt":{"rendered":"<p>Communiqu\u00e9 de la Ville de L\u00e9vis (Pour voir le plan d&rsquo;am\u00e9nagement, c&rsquo;est ici) Le maire de L\u00e9vis, monsieur Gilles Lehouillier, en compagnie du conseiller municipal du district, monsieur Pierre Lainesse, a annonc\u00e9 le phasage de la r\u00e9alisation des travaux de la rue Saint-Laurent dont les co\u00fbts sont \u00e9valu\u00e9s \u00e0 15\u00a0M$. Le maire a profit\u00e9 de\u2026 <span class=\"read-more\"><a href=\"http:\/\/www.levisurbain.ca\/?p=9036\">Lire la suite &raquo;<\/a><\/span><\/p>\n","protected":false},"author":1,"featured_media":0,"comment_status":"open","ping_status":"open","sticky":false,"template":"","format":"standard","meta":{"footnotes":""},"categories":[65],"tags":[62],"class_list":["post-9036","post","type-post","status-publish","format-standard","hentry","category-gouvernement","tag-traverse-de-levis"],"_links":{"self":[{"href":"http:\/\/www.levisurbain.ca\/index.php?rest_route=\/wp\/v2\/posts\/9036","targetHints":{"allow":["GET"]}}],"collection":[{"href":"http:\/\/www.levisurbain.ca\/index.php?rest_route=\/wp\/v2\/posts"}],"about":[{"href":"http:\/\/www.levisurbain.ca\/index.php?rest_route=\/wp\/v2\/types\/post"}],"author":[{"embeddable":true,"href":"http:\/\/www.levisurbain.ca\/index.php?rest_route=\/wp\/v2\/users\/1"}],"replies":[{"embeddable":true,"href":"http:\/\/www.levisurbain.ca\/index.php?rest_route=%2Fwp%2Fv2%2Fcomments&post=9036"}],"version-history":[{"count":0,"href":"http:\/\/www.levisurbain.ca\/index.php?rest_route=\/wp\/v2\/posts\/9036\/revisions"}],"wp:attachment":[{"href":"http:\/\/www.levisurbain.ca\/index.php?rest_route=%2Fwp%2Fv2%2Fmedia&parent=9036"}],"wp:term":[{"taxonomy":"category","embeddable":true,"href":"http:\/\/www.levisurbain.ca\/index.php?rest_route=%2Fwp%2Fv2%2Fcategories&post=9036"},{"taxonomy":"post_tag","embeddable":true,"href":"http:\/\/www.levisurbain.ca\/index.php?rest_route=%2Fwp%2Fv2%2Ftags&post=9036"}],"curies":[{"name":"wp","href":"https:\/\/api.w.org\/{rel}","templated":true}]}}