{"id":9033,"date":"2017-04-19T06:31:25","date_gmt":"2017-04-19T11:31:25","guid":{"rendered":"http:\/\/www.levisurbain.ca\/?p=9033"},"modified":"2018-02-15T21:03:35","modified_gmt":"2018-02-16T02:03:35","slug":"srb-levis-quitte-le-navire","status":"publish","type":"post","link":"http:\/\/www.levisurbain.ca\/?p=9033","title":{"rendered":"SRB : L\u00e9vis quitte le navire"},"content":{"rendered":"<p>Article de \u00c9rick Desch\u00eanes.<a href=\"http:\/\/www.journaldelevis.com\/\" target=\"_blank\"> Le Journal de L\u00e9vis<\/a>.<\/p>\n<blockquote><p><strong>Apr\u00e8s deux ans d&rsquo;\u00e9tude o\u00f9 les rebondissements ont \u00e9t\u00e9 nombreux, la Ville de L\u00e9vis se retire du projet d&rsquo;implantation d&rsquo;un Service rapide par bus (SRB) entre les deux rives. Le maire de L\u00e9vis, Gilles Lehouillier, en a fait l&rsquo;annonce en fin d&rsquo;apr\u00e8s-midi entour\u00e9 des membres du conseil municipal.<\/strong><\/p>\n<p>\u00ab Le conseil municipal s&rsquo;est r\u00e9uni en comit\u00e9 pl\u00e9nier sp\u00e9cial (cet apr\u00e8s-midi) et, effectivement, nous avons pris une d\u00e9cision. Nous nous retirons du projet du SRB. C&rsquo;est unanimement que les membres du conseil en ont d\u00e9cid\u00e9 \u00bb, a d&#8217;embl\u00e9e d\u00e9clar\u00e9 le premier magistrat lors d&rsquo;un point de presse \u00e0 l&rsquo;h\u00f4tel de ville.<\/p>\n<p>Pour justifier cette d\u00e9cision, Gilles Lehouillier a principalement invoqu\u00e9 deux raisons.<br \/>\nD&rsquo;abord, apr\u00e8s avoir \u00e9tudi\u00e9 les sc\u00e9narios de plus en plus \u00e9toff\u00e9s pr\u00e9sent\u00e9s depuis le d\u00e9but de l&rsquo;ann\u00e9e, son administration a jug\u00e9 que les gains en termes de co\u00fbts\/b\u00e9n\u00e9fices n&rsquo;\u00e9taient pas au rendez-vous pour L\u00e9vis.<\/p>\n<p>De plus, le conseil municipal ne sentait pas une forte adh\u00e9sion de la population l\u00e9visienne, autant en tant que contribuable municipale ou en tant que contribuable provinciale et f\u00e9d\u00e9rale, pour ce projet de transport collectif.<\/p>\n<p>\u00ab Selon les \u00e9tudes qu&rsquo;on a eus, on am\u00e9liore notre performance (d&rsquo;utilisation du transport collectif) de 2 %. Est-ce que \u00e7a vaut la peine d&rsquo;investir 660 M$ (sc\u00e9nario le plus important) pour aller chercher 2 %? Je pense que poser la question, c&rsquo;est y r\u00e9pondre. On est oblig\u00e9 de dire qu&rsquo;\u00e0 ce prix-l\u00e0 et avec le pourcentage d&rsquo;augmentation (pr\u00e9vu), c&rsquo;est beaucoup trop cher. (&#8230;) Dans chacun de nos quartiers, l&rsquo;acceptabilit\u00e9 sociale pour le projet, elle n&rsquo;est pas l\u00e0 \u00bb, a expliqu\u00e9 le maire tout en se d\u00e9fendant de faire un calcul \u00e9lectoraliste en se retirant du projet.<br \/>\n<!--more--><\/p>\n<p><strong>Des solutions \u00ab mieux adapt\u00e9es et plus efficaces \u00bb<\/strong><br \/>\nEstimant une nouvelle fois qu&rsquo;il ne faut pas mettre en contradiction l&rsquo;automobile avec l&rsquo;autobus pour d\u00e9congestionner L\u00e9vis, Gilles Lehouillier a rappel\u00e9 que la solution au probl\u00e8me passe par l&rsquo;am\u00e9nagement d&rsquo;un troisi\u00e8me lien interrives, des am\u00e9liorations sur les axes routiers existants et une bonification du transport collectif. \u00c0 ce chapitre, le maire a affirm\u00e9 \u00e0 plusieurs reprises que des parcours de la Soci\u00e9t\u00e9 de transport de L\u00e9vis pourraient \u00eatre connect\u00e9s au SRB qui serait construit \u00e0 Qu\u00e9bec.<\/p>\n<p>Pour pr\u00e9parer un plan au gouvernement du Qu\u00e9bec qui misera sur ces trois volets, le maire a profit\u00e9 du comit\u00e9 pl\u00e9nier sp\u00e9cial pour cr\u00e9er un comit\u00e9 compos\u00e9 d&rsquo;\u00e9lus et de fonctionnaires municipaux ou paramunicipaux.<\/p>\n<p>Le plan reprendra des demandes d&rsquo;infrastructures routi\u00e8res d\u00e9sir\u00e9es par l&rsquo;administration Lehouillier, comme la reconfiguration de la route 116 \u00e0 Saint-Nicolas, et pr\u00e9voira un r\u00e9seau de transport collectif qui \u00ab alliera agilit\u00e9 et efficacit\u00e9, \u00e0 l&rsquo;int\u00e9rieur de la capacit\u00e9 de payer des contribuables \u00bb.<\/p>\n<p>\u00ab On va faire tr\u00e8s bient\u00f4t des recommandations au gouvernement du Qu\u00e9bec qui vont \u00eatre tout aussi efficaces et qui vont nous permettre d&rsquo;obtenir d&rsquo;excellents r\u00e9sultats avec des co\u00fbts beaucoup moins \u00e9lev\u00e9s que ceux pr\u00e9vus pour un SRB. (&#8230;) La population veut qu&rsquo;on ait un projet beaucoup moins on\u00e9reux et pour lequel on va obtenir des gains. Les gens sont pour l&rsquo;am\u00e9lioration du transport en commun, mais pas \u00e0 n&rsquo;importe quel prix \u00bb, a analys\u00e9 M. Lehouillier.<\/p><\/blockquote>\n<p><a href=\"http:\/\/www.journaldelevis.com\/\" target=\"_blank\"><img decoding=\"async\" src=\"http:\/\/www.levisurbain.ca\/wp-content\/uploads\/2017\/04\/jdl_logo2012.png\" alt=\"\"\/><\/a><br \/>\nReproduit avec autorisation.<\/p>\n","protected":false},"excerpt":{"rendered":"<p>Article de \u00c9rick Desch\u00eanes. Le Journal de L\u00e9vis. Apr\u00e8s deux ans d&rsquo;\u00e9tude o\u00f9 les rebondissements ont \u00e9t\u00e9 nombreux, la Ville de L\u00e9vis se retire du projet d&rsquo;implantation d&rsquo;un Service rapide par bus (SRB) entre les deux rives. Le maire de L\u00e9vis, Gilles Lehouillier, en a fait l&rsquo;annonce en fin d&rsquo;apr\u00e8s-midi entour\u00e9 des membres du conseil\u2026 <span class=\"read-more\"><a href=\"http:\/\/www.levisurbain.ca\/?p=9033\">Lire la suite &raquo;<\/a><\/span><\/p>\n","protected":false},"author":1,"featured_media":0,"comment_status":"open","ping_status":"open","sticky":false,"template":"","format":"standard","meta":{"footnotes":""},"categories":[65,60],"tags":[66],"class_list":["post-9033","post","type-post","status-publish","format-standard","hentry","category-gouvernement","category-transports","tag-tramway-srb"],"_links":{"self":[{"href":"http:\/\/www.levisurbain.ca\/index.php?rest_route=\/wp\/v2\/posts\/9033","targetHints":{"allow":["GET"]}}],"collection":[{"href":"http:\/\/www.levisurbain.ca\/index.php?rest_route=\/wp\/v2\/posts"}],"about":[{"href":"http:\/\/www.levisurbain.ca\/index.php?rest_route=\/wp\/v2\/types\/post"}],"author":[{"embeddable":true,"href":"http:\/\/www.levisurbain.ca\/index.php?rest_route=\/wp\/v2\/users\/1"}],"replies":[{"embeddable":true,"href":"http:\/\/www.levisurbain.ca\/index.php?rest_route=%2Fwp%2Fv2%2Fcomments&post=9033"}],"version-history":[{"count":0,"href":"http:\/\/www.levisurbain.ca\/index.php?rest_route=\/wp\/v2\/posts\/9033\/revisions"}],"wp:attachment":[{"href":"http:\/\/www.levisurbain.ca\/index.php?rest_route=%2Fwp%2Fv2%2Fmedia&parent=9033"}],"wp:term":[{"taxonomy":"category","embeddable":true,"href":"http:\/\/www.levisurbain.ca\/index.php?rest_route=%2Fwp%2Fv2%2Fcategories&post=9033"},{"taxonomy":"post_tag","embeddable":true,"href":"http:\/\/www.levisurbain.ca\/index.php?rest_route=%2Fwp%2Fv2%2Ftags&post=9033"}],"curies":[{"name":"wp","href":"https:\/\/api.w.org\/{rel}","templated":true}]}}