{"id":8765,"date":"2014-01-23T12:53:51","date_gmt":"2014-01-23T17:53:51","guid":{"rendered":"http:\/\/www.levisurbain.ca\/?p=8765"},"modified":"2024-02-04T16:40:12","modified_gmt":"2024-02-04T21:40:12","slug":"ferme-chapais-multiples-appuis-pour-le-parc","status":"publish","type":"post","link":"http:\/\/www.levisurbain.ca\/?p=8765","title":{"rendered":"Ferme Chapais : multiples appuis pour le parc"},"content":{"rendered":"<p>Article de St\u00e9phanie Martin. <a href=\"http:\/\/www.lesoleil.com\" target=\"_blank\" rel=\"noopener\">Le Soleil<\/a>.<\/p>\n<blockquote><p><strong>(Qu\u00e9bec) Le sort de la ferme Chapais, \u00e0\u00a0 L\u00e9vis, ne laisse pas indiff\u00e9rent. Alors que le d\u00e9put\u00e9 local Christian Dub\u00e9 estime que les terres doivent devenir rien de moins que \u00ab les plaines d&rsquo;Abraham de L\u00e9vis \u00bb, la Commission de la capitale nationale l\u00e8ve la main pour participer \u00e0 la sauvegarde du domaine que le f\u00e9d\u00e9ral veut vendre \u00e0 des promoteurs immobiliers.<\/strong><\/p>\n<p>\u00ab C&rsquo;est tr\u00e8s clair. Moi, je veux que \u00e7a devienne les plaines d&rsquo;Abraham de L\u00e9vis \u00bb, lance sans h\u00e9sitation le d\u00e9put\u00e9 de L\u00e9vis, Christian Dub\u00e9, quand on lui demande la vocation qu&rsquo;il imagine pour le domaine de 40 hectares situ\u00e9 en bordure du fleuve et qui donne une vue imprenable sur Qu\u00e9bec.<\/p>\n<p>Le d\u00e9put\u00e9 de la Coalition avenir Qu\u00e9bec se sent tr\u00e8s interpell\u00e9 par le sort r\u00e9serv\u00e9 aux terres de la ferme Chapais. Il souligne que ce dossier fait d&rsquo;ailleurs partie des priorit\u00e9s sur lesquelles il compte se concentrer pour l&rsquo;ann\u00e9e 2014.<\/p>\n<p>M. Dub\u00e9 a appris avec surprise dans Le Soleil mercredi matin les vis\u00e9es du f\u00e9d\u00e9ral pour les terrains de la ferme exp\u00e9rimentale Jean-Charles-Chapais. Comme tous les intervenants auxquels Le Soleil a parl\u00e9, il s&rsquo;attendait \u00e0 ce que le gouvernement c\u00e8de les terrains pour une valeur nominale et les offre aux minist\u00e8res f\u00e9d\u00e9raux, aux soci\u00e9t\u00e9s d&rsquo;\u00e9tat, aux administrations provinciales et, \u00e9ventuellement, \u00e0 la Ville.<\/p><\/blockquote>\n<p>=> <a href=\"https:\/\/www.lesoleil.com\/2014\/01\/23\/ferme-chapais-multiples-appuis-pour-le-parc-168defb663c0282384c7f626107e7ee5\/\" target=\"_blank\" rel=\"noopener\">Lire la suite au lesoleil.com<\/a>.<\/p>\n","protected":false},"excerpt":{"rendered":"<p>Article de St\u00e9phanie Martin. <a href=\"http:\/\/www.lesoleil.com\" target=\"_blank\" rel=\"noopener\">Le Soleil<\/a>.<\/p>\n<blockquote><p><strong>(Qu\u00e9bec) Le sort de la ferme Chapais, \u00e0\u00a0 L\u00e9vis, ne laisse pas indiff\u00e9rent. Alors que le d\u00e9put\u00e9 local Christian Dub\u00e9 estime que les terres doivent devenir rien de moins que \u00ab les plaines d&rsquo;Abraham de L\u00e9vis \u00bb, la Commission de la capitale nationale l\u00e8ve la main pour participer \u00e0 la sauvegarde du domaine que le f\u00e9d\u00e9ral veut vendre \u00e0 des promoteurs immobiliers.<\/strong><\/p>\n<p>\u00ab C&rsquo;est tr\u00e8s clair. Moi, je veux que \u00e7a devienne les plaines d&rsquo;Abraham de L\u00e9vis \u00bb, lance sans h\u00e9sitation le d\u00e9put\u00e9 de L\u00e9vis, Christian Dub\u00e9, quand on lui demande la vocation qu&rsquo;il imagine pour le domaine de 40 hectares situ\u00e9 en bordure du fleuve et qui donne une vue imprenable sur Qu\u00e9bec.<\/p>\n<p>Le d\u00e9put\u00e9 de la Coalition avenir Qu\u00e9bec se sent tr\u00e8s interpell\u00e9 par le sort r\u00e9serv\u00e9 aux terres de la ferme Chapais. Il souligne que ce dossier fait d&rsquo;ailleurs partie des priorit\u00e9s sur lesquelles il compte se concentrer pour l&rsquo;ann\u00e9e 2014.<\/p>\n<p>M. Dub\u00e9 a appris avec surprise dans Le Soleil mercredi matin les vis\u00e9es du f\u00e9d\u00e9ral pour les terrains de la ferme exp\u00e9rimentale Jean-Charles-Chapais. Comme tous les intervenants auxquels Le Soleil a parl\u00e9, il s&rsquo;attendait \u00e0 ce que le gouvernement c\u00e8de les terrains pour une valeur nominale et les offre aux minist\u00e8res f\u00e9d\u00e9raux, aux soci\u00e9t\u00e9s d&rsquo;\u00e9tat, aux administrations provinciales et, \u00e9ventuellement, \u00e0 la Ville.<\/p><\/blockquote>\n<p>=> <a href=\"https:\/\/www.lesoleil.com\/2014\/01\/23\/ferme-chapais-multiples-appuis-pour-le-parc-168defb663c0282384c7f626107e7ee5\/\" target=\"_blank\" rel=\"noopener\">Lire la suite au lesoleil.com<\/a>.<\/p>\n","protected":false},"author":5,"featured_media":0,"comment_status":"open","ping_status":"open","sticky":false,"template":"","format":"standard","meta":{"footnotes":""},"categories":[71,65],"tags":[],"class_list":["post-8765","post","type-post","status-publish","format-standard","hentry","category-environnement","category-gouvernement"],"_links":{"self":[{"href":"http:\/\/www.levisurbain.ca\/index.php?rest_route=\/wp\/v2\/posts\/8765","targetHints":{"allow":["GET"]}}],"collection":[{"href":"http:\/\/www.levisurbain.ca\/index.php?rest_route=\/wp\/v2\/posts"}],"about":[{"href":"http:\/\/www.levisurbain.ca\/index.php?rest_route=\/wp\/v2\/types\/post"}],"author":[{"embeddable":true,"href":"http:\/\/www.levisurbain.ca\/index.php?rest_route=\/wp\/v2\/users\/5"}],"replies":[{"embeddable":true,"href":"http:\/\/www.levisurbain.ca\/index.php?rest_route=%2Fwp%2Fv2%2Fcomments&post=8765"}],"version-history":[{"count":7,"href":"http:\/\/www.levisurbain.ca\/index.php?rest_route=\/wp\/v2\/posts\/8765\/revisions"}],"predecessor-version":[{"id":16371,"href":"http:\/\/www.levisurbain.ca\/index.php?rest_route=\/wp\/v2\/posts\/8765\/revisions\/16371"}],"wp:attachment":[{"href":"http:\/\/www.levisurbain.ca\/index.php?rest_route=%2Fwp%2Fv2%2Fmedia&parent=8765"}],"wp:term":[{"taxonomy":"category","embeddable":true,"href":"http:\/\/www.levisurbain.ca\/index.php?rest_route=%2Fwp%2Fv2%2Fcategories&post=8765"},{"taxonomy":"post_tag","embeddable":true,"href":"http:\/\/www.levisurbain.ca\/index.php?rest_route=%2Fwp%2Fv2%2Ftags&post=8765"}],"curies":[{"name":"wp","href":"https:\/\/api.w.org\/{rel}","templated":true}]}}