{"id":8759,"date":"2014-01-21T23:19:40","date_gmt":"2014-01-22T04:19:40","guid":{"rendered":"http:\/\/www.levisurbain.ca\/?p=8759"},"modified":"2024-02-04T16:41:29","modified_gmt":"2024-02-04T21:41:29","slug":"le-centre-des-congres-de-levis-agrandi-par-le-prive","status":"publish","type":"post","link":"http:\/\/www.levisurbain.ca\/?p=8759","title":{"rendered":"Le Centre des congr\u00e8s de L\u00e9vis agrandi par le priv\u00e9"},"content":{"rendered":"<p>Article de St\u00e9phanie Martin. <a href=\"http:\/\/www.lesoleil.com\/\" target=\"_blank\" rel=\"noopener\">Le Soleil<\/a>.<\/p>\n<blockquote><p><strong>(Qu\u00e9bec) Le centre des congr\u00e8s de L\u00e9vis prend de l&rsquo;expansion et doublera sa superficie au cours de la prochaine ann\u00e9e. Un investissement de 9,1 millions $ enti\u00e8rement assur\u00e9 par le promoteur priv\u00e9 Pierre Gagn\u00e9. La Ville de L\u00e9vis paiera un loyer annuel de 520 000 $ pour utiliser l&rsquo;espace.<\/strong><\/p>\n<p>Cette fois-ci sera la bonne, assure le promoteur Pierre Gagn\u00e9, propri\u00e9taire de l&rsquo;h\u00f4tel Four Points adjacent au Centre de congr\u00e8s et d&rsquo;expositions de L\u00e9vis (CCEL), et son directeur g\u00e9n\u00e9ral et gestionnaire du Centre, Michel Douville. En d\u00e9cembre 2012, le projet d&rsquo;agrandissement avait d\u00e9j\u00e0\u00a0 \u00e9t\u00e9 annonc\u00e9. Il incluait l&rsquo;ajout d&rsquo;espace au Centre de congr\u00e8s, mais aussi l&rsquo;\u00e9rection d&rsquo;une tour qui comprendrait des chambres d&rsquo;h\u00f4tel suppl\u00e9mentaires et des condos.<\/p>\n<p>Les d\u00e9marches ont \u00e9t\u00e9 retard\u00e9es quelque peu. La tour d&rsquo;h\u00e9bergement de 30 millions $ viendra dans une phase ult\u00e9rieure, ont pr\u00e9cis\u00e9 mardi MM. Gagn\u00e9 et Douville. On voulait d&rsquo;abord s\u00e9curiser la phase d&rsquo;agrandissement du CCEL, a expliqu\u00e9 le promoteur.<\/p><\/blockquote>\n<p>=> Lire la suite au <a href=\"http:\/\/www.lesoleil.com\/affaires\/actualite-economique\/201401\/21\/01-4730931-le-centre-des-congres-de-levis-agrandi-par-le-prive.php\" target=\"_blank\" rel=\"noopener\">lesoleil.com<\/a>.<\/p>\n","protected":false},"excerpt":{"rendered":"<p>Article de St\u00e9phanie Martin. <a href=\"http:\/\/www.lesoleil.com\/\" target=\"_blank\" rel=\"noopener\">Le Soleil<\/a>.<\/p>\n<blockquote><p><strong>(Qu\u00e9bec) Le centre des congr\u00e8s de L\u00e9vis prend de l&rsquo;expansion et doublera sa superficie au cours de la prochaine ann\u00e9e. Un investissement de 9,1 millions $ enti\u00e8rement assur\u00e9 par le promoteur priv\u00e9 Pierre Gagn\u00e9. La Ville de L\u00e9vis paiera un loyer annuel de 520 000 $ pour utiliser l&rsquo;espace.<\/strong><\/p>\n<p>Cette fois-ci sera la bonne, assure le promoteur Pierre Gagn\u00e9, propri\u00e9taire de l&rsquo;h\u00f4tel Four Points adjacent au Centre de congr\u00e8s et d&rsquo;expositions de L\u00e9vis (CCEL), et son directeur g\u00e9n\u00e9ral et gestionnaire du Centre, Michel Douville. En d\u00e9cembre 2012, le projet d&rsquo;agrandissement avait d\u00e9j\u00e0\u00a0 \u00e9t\u00e9 annonc\u00e9. Il incluait l&rsquo;ajout d&rsquo;espace au Centre de congr\u00e8s, mais aussi l&rsquo;\u00e9rection d&rsquo;une tour qui comprendrait des chambres d&rsquo;h\u00f4tel suppl\u00e9mentaires et des condos.<\/p>\n<p>Les d\u00e9marches ont \u00e9t\u00e9 retard\u00e9es quelque peu. La tour d&rsquo;h\u00e9bergement de 30 millions $ viendra dans une phase ult\u00e9rieure, ont pr\u00e9cis\u00e9 mardi MM. Gagn\u00e9 et Douville. On voulait d&rsquo;abord s\u00e9curiser la phase d&rsquo;agrandissement du CCEL, a expliqu\u00e9 le promoteur.<\/p><\/blockquote>\n<p>=> Lire la suite au <a href=\"http:\/\/www.lesoleil.com\/affaires\/actualite-economique\/201401\/21\/01-4730931-le-centre-des-congres-de-levis-agrandi-par-le-prive.php\" target=\"_blank\" rel=\"noopener\">lesoleil.com<\/a>.<\/p>\n","protected":false},"author":5,"featured_media":0,"comment_status":"open","ping_status":"open","sticky":false,"template":"","format":"standard","meta":{"footnotes":""},"categories":[58,65],"tags":[],"class_list":["post-8759","post","type-post","status-publish","format-standard","hentry","category-commerce-economie","category-gouvernement"],"_links":{"self":[{"href":"http:\/\/www.levisurbain.ca\/index.php?rest_route=\/wp\/v2\/posts\/8759","targetHints":{"allow":["GET"]}}],"collection":[{"href":"http:\/\/www.levisurbain.ca\/index.php?rest_route=\/wp\/v2\/posts"}],"about":[{"href":"http:\/\/www.levisurbain.ca\/index.php?rest_route=\/wp\/v2\/types\/post"}],"author":[{"embeddable":true,"href":"http:\/\/www.levisurbain.ca\/index.php?rest_route=\/wp\/v2\/users\/5"}],"replies":[{"embeddable":true,"href":"http:\/\/www.levisurbain.ca\/index.php?rest_route=%2Fwp%2Fv2%2Fcomments&post=8759"}],"version-history":[{"count":4,"href":"http:\/\/www.levisurbain.ca\/index.php?rest_route=\/wp\/v2\/posts\/8759\/revisions"}],"predecessor-version":[{"id":16372,"href":"http:\/\/www.levisurbain.ca\/index.php?rest_route=\/wp\/v2\/posts\/8759\/revisions\/16372"}],"wp:attachment":[{"href":"http:\/\/www.levisurbain.ca\/index.php?rest_route=%2Fwp%2Fv2%2Fmedia&parent=8759"}],"wp:term":[{"taxonomy":"category","embeddable":true,"href":"http:\/\/www.levisurbain.ca\/index.php?rest_route=%2Fwp%2Fv2%2Fcategories&post=8759"},{"taxonomy":"post_tag","embeddable":true,"href":"http:\/\/www.levisurbain.ca\/index.php?rest_route=%2Fwp%2Fv2%2Ftags&post=8759"}],"curies":[{"name":"wp","href":"https:\/\/api.w.org\/{rel}","templated":true}]}}