{"id":8755,"date":"2014-01-18T23:05:53","date_gmt":"2014-01-19T04:05:53","guid":{"rendered":"http:\/\/www.levisurbain.ca\/?p=8755"},"modified":"2024-02-04T16:42:16","modified_gmt":"2024-02-04T21:42:16","slug":"noms-de-rue-a-levis-un-sort-bientot-scelle","status":"publish","type":"post","link":"http:\/\/www.levisurbain.ca\/?p=8755","title":{"rendered":"Noms de rue \u00e0 L\u00e9vis : un sort bient\u00f4t scell\u00e9"},"content":{"rendered":"<p>Article de St\u00e9phanie Martin. <a href=\"http:\/\/www.lesoleil.com\/\" target=\"_blank\" rel=\"noopener\">Le Soleil<\/a>.<\/p>\n<blockquote><p><strong>(Qu\u00e9bec) Les L\u00e9visiens conna\u00eetront dans les prochaines semaines le sort des noms de leurs rues. Seront-ils chang\u00e9s ? L&rsquo;administration Lehouillier rendra public le r\u00e9sultat du travail d&rsquo;harmonisation des noms de rue amorc\u00e9 en 2010.<\/strong><\/p>\n<p>Presque 12 ans apr\u00e8s la fusion des 10 anciennes villes de la Rive-Sud pour former L\u00e9vis, le dossier de l&rsquo;harmonisation des noms de rue doit \u00eatre finalis\u00e9 cette ann\u00e9e. L&rsquo;administration Lehouillier a d&rsquo;ailleurs pr\u00e9vu au programme triennal d&rsquo;immobilisations un montant unique de 250 000 $ en 2014 pour l&rsquo;\u00ab harmonisation odonymique \u00bb. <\/p>\n<p>Le maire de L\u00e9vis, Gilles Lehouillier, a confirm\u00e9 au Soleil que la Ville d\u00e9voilera dans les prochaines semaines les choix du comit\u00e9 de toponymie pour les noms de rue qui devront \u00eatre modifi\u00e9s. Les citoyens seront bien entendu inform\u00e9s des changements. \u00ab Les citoyens le sauront tr\u00e8s bient\u00f4t. On pr\u00e9voit une dizaine de s\u00e9ances d&rsquo;information publiques au d\u00e9but 2014. \u00bb.<\/p><\/blockquote>\n<p>=> Lire la suite <a href=\"http:\/\/www.lesoleil.com\/actualites\/la-capitale\/201401\/17\/01-4729947-noms-de-rue-a-levis-un-sort-bientot-scelle.php\" target=\"_blank\" rel=\"noopener\">lesoleil.com<\/a>.<\/p>\n","protected":false},"excerpt":{"rendered":"<p>Article de St\u00e9phanie Martin. <a href=\"http:\/\/www.lesoleil.com\/\" target=\"_blank\" rel=\"noopener\">Le Soleil<\/a>.<\/p>\n<blockquote><p><strong>(Qu\u00e9bec) Les L\u00e9visiens conna\u00eetront dans les prochaines semaines le sort des noms de leurs rues. Seront-ils chang\u00e9s ? L&rsquo;administration Lehouillier rendra public le r\u00e9sultat du travail d&rsquo;harmonisation des noms de rue amorc\u00e9 en 2010.<\/strong><\/p>\n<p>Presque 12 ans apr\u00e8s la fusion des 10 anciennes villes de la Rive-Sud pour former L\u00e9vis, le dossier de l&rsquo;harmonisation des noms de rue doit \u00eatre finalis\u00e9 cette ann\u00e9e. L&rsquo;administration Lehouillier a d&rsquo;ailleurs pr\u00e9vu au programme triennal d&rsquo;immobilisations un montant unique de 250 000 $ en 2014 pour l&rsquo;\u00ab harmonisation odonymique \u00bb. <\/p>\n<p>Le maire de L\u00e9vis, Gilles Lehouillier, a confirm\u00e9 au Soleil que la Ville d\u00e9voilera dans les prochaines semaines les choix du comit\u00e9 de toponymie pour les noms de rue qui devront \u00eatre modifi\u00e9s. Les citoyens seront bien entendu inform\u00e9s des changements. \u00ab Les citoyens le sauront tr\u00e8s bient\u00f4t. On pr\u00e9voit une dizaine de s\u00e9ances d&rsquo;information publiques au d\u00e9but 2014. \u00bb.<\/p><\/blockquote>\n<p>=> Lire la suite <a href=\"http:\/\/www.lesoleil.com\/actualites\/la-capitale\/201401\/17\/01-4729947-noms-de-rue-a-levis-un-sort-bientot-scelle.php\" target=\"_blank\" rel=\"noopener\">lesoleil.com<\/a>.<\/p>\n","protected":false},"author":5,"featured_media":0,"comment_status":"open","ping_status":"open","sticky":false,"template":"","format":"standard","meta":{"footnotes":""},"categories":[65,69],"tags":[],"class_list":["post-8755","post","type-post","status-publish","format-standard","hentry","category-gouvernement","category-histoire-urbaine"],"_links":{"self":[{"href":"http:\/\/www.levisurbain.ca\/index.php?rest_route=\/wp\/v2\/posts\/8755","targetHints":{"allow":["GET"]}}],"collection":[{"href":"http:\/\/www.levisurbain.ca\/index.php?rest_route=\/wp\/v2\/posts"}],"about":[{"href":"http:\/\/www.levisurbain.ca\/index.php?rest_route=\/wp\/v2\/types\/post"}],"author":[{"embeddable":true,"href":"http:\/\/www.levisurbain.ca\/index.php?rest_route=\/wp\/v2\/users\/5"}],"replies":[{"embeddable":true,"href":"http:\/\/www.levisurbain.ca\/index.php?rest_route=%2Fwp%2Fv2%2Fcomments&post=8755"}],"version-history":[{"count":3,"href":"http:\/\/www.levisurbain.ca\/index.php?rest_route=\/wp\/v2\/posts\/8755\/revisions"}],"predecessor-version":[{"id":16373,"href":"http:\/\/www.levisurbain.ca\/index.php?rest_route=\/wp\/v2\/posts\/8755\/revisions\/16373"}],"wp:attachment":[{"href":"http:\/\/www.levisurbain.ca\/index.php?rest_route=%2Fwp%2Fv2%2Fmedia&parent=8755"}],"wp:term":[{"taxonomy":"category","embeddable":true,"href":"http:\/\/www.levisurbain.ca\/index.php?rest_route=%2Fwp%2Fv2%2Fcategories&post=8755"},{"taxonomy":"post_tag","embeddable":true,"href":"http:\/\/www.levisurbain.ca\/index.php?rest_route=%2Fwp%2Fv2%2Ftags&post=8755"}],"curies":[{"name":"wp","href":"https:\/\/api.w.org\/{rel}","templated":true}]}}