{"id":8534,"date":"2013-10-17T23:40:02","date_gmt":"2013-10-18T03:40:02","guid":{"rendered":"http:\/\/www.levisurbain.ca\/?p=8534"},"modified":"2024-11-25T15:13:39","modified_gmt":"2024-11-25T20:13:39","slug":"monorail-a-levis-quen-pensent-les-candidats","status":"publish","type":"post","link":"http:\/\/www.levisurbain.ca\/?p=8534","title":{"rendered":"Monorail \u00e0\u00a0 L\u00e9vis : qu&rsquo;en pensent les candidats ?"},"content":{"rendered":"<p>Vous vous souvenez sans doute du <a href=\"http:\/\/www.levisurbain.ca\/?p=1229\">projet<\/a> pr\u00e9sent\u00e9 en 2010 d&rsquo;un monorail qui partirait de Qu\u00e9bec, traverserait le fleuve en direction de L\u00e9vis pour filer vers Montr\u00e9al.<\/p>\n<p>La candidate \u00e0 la mairie de Trois-Rivi\u00e8res, Catherine Dufresne, s&rsquo;est engag\u00e9e \u00e0\u00a0 promouvoir et \u00e0 subventionner le projet de monorail de <a href=\"http:\/\/www.trensquebec.qc.ca\/\" target=\"_blank\" rel=\"noopener\">TrensQu\u00e9bec<\/a>, en \u00e9change de quoi l&rsquo;entreprise s&rsquo;engage \u00e0 installer son si\u00e8ge social \u00e0 Trois-Rivi\u00e8res.<\/p>\n<p>Qu&rsquo;en est-il des candidats \u00e0 la mairie de L\u00e9vis ?<\/p>\n<p>=> Pour approfondir le projet, voyez le <a href=\"http:\/\/youtu.be\/01aWsiFGsqM\" target=\"_blank\" rel=\"noopener\">reportage<\/a> de l&rsquo;\u00e9mission D\u00e9couverte de Ici Radio-Canada T\u00e9l\u00e9.<\/p>\n","protected":false},"excerpt":{"rendered":"<p>Vous vous souvenez sans doute du <a href=\"http:\/\/www.levisurbain.ca\/?p=1229\">projet<\/a> pr\u00e9sent\u00e9 en 2010 d&rsquo;un monorail qui partirait de Qu\u00e9bec, traverserait le fleuve en direction de L\u00e9vis pour filer vers Montr\u00e9al.<\/p>\n<p>La candidate \u00e0 la mairie de Trois-Rivi\u00e8res, Catherine Dufresne, s&rsquo;est engag\u00e9e \u00e0\u00a0 promouvoir et \u00e0 subventionner le projet de monorail de <a href=\"http:\/\/www.trensquebec.qc.ca\/\" target=\"_blank\" rel=\"noopener\">TrensQu\u00e9bec<\/a>, en \u00e9change de quoi l&rsquo;entreprise s&rsquo;engage \u00e0 installer son si\u00e8ge social \u00e0 Trois-Rivi\u00e8res.<\/p>\n<p>Qu&rsquo;en est-il des candidats \u00e0 la mairie de L\u00e9vis ?<\/p>\n<p>=> Pour approfondir le projet, voyez le <a href=\"http:\/\/youtu.be\/01aWsiFGsqM\" target=\"_blank\" rel=\"noopener\">reportage<\/a> de l&rsquo;\u00e9mission D\u00e9couverte de Ici Radio-Canada T\u00e9l\u00e9.<\/p>\n","protected":false},"author":5,"featured_media":0,"comment_status":"open","ping_status":"open","sticky":false,"template":"","format":"standard","meta":{"footnotes":""},"categories":[65,60],"tags":[],"class_list":["post-8534","post","type-post","status-publish","format-standard","hentry","category-gouvernement","category-transports"],"_links":{"self":[{"href":"http:\/\/www.levisurbain.ca\/index.php?rest_route=\/wp\/v2\/posts\/8534","targetHints":{"allow":["GET"]}}],"collection":[{"href":"http:\/\/www.levisurbain.ca\/index.php?rest_route=\/wp\/v2\/posts"}],"about":[{"href":"http:\/\/www.levisurbain.ca\/index.php?rest_route=\/wp\/v2\/types\/post"}],"author":[{"embeddable":true,"href":"http:\/\/www.levisurbain.ca\/index.php?rest_route=\/wp\/v2\/users\/5"}],"replies":[{"embeddable":true,"href":"http:\/\/www.levisurbain.ca\/index.php?rest_route=%2Fwp%2Fv2%2Fcomments&post=8534"}],"version-history":[{"count":3,"href":"http:\/\/www.levisurbain.ca\/index.php?rest_route=\/wp\/v2\/posts\/8534\/revisions"}],"predecessor-version":[{"id":16815,"href":"http:\/\/www.levisurbain.ca\/index.php?rest_route=\/wp\/v2\/posts\/8534\/revisions\/16815"}],"wp:attachment":[{"href":"http:\/\/www.levisurbain.ca\/index.php?rest_route=%2Fwp%2Fv2%2Fmedia&parent=8534"}],"wp:term":[{"taxonomy":"category","embeddable":true,"href":"http:\/\/www.levisurbain.ca\/index.php?rest_route=%2Fwp%2Fv2%2Fcategories&post=8534"},{"taxonomy":"post_tag","embeddable":true,"href":"http:\/\/www.levisurbain.ca\/index.php?rest_route=%2Fwp%2Fv2%2Ftags&post=8534"}],"curies":[{"name":"wp","href":"https:\/\/api.w.org\/{rel}","templated":true}]}}