{"id":5079,"date":"2009-01-25T15:26:16","date_gmt":"2009-01-25T20:26:16","guid":{"rendered":"http:\/\/www.levisurbain.ca\/?p=5079"},"modified":"2020-07-11T16:33:13","modified_gmt":"2020-07-11T20:33:13","slug":"rabaska-maintient-le-contact-avec-les-proprietaires-terriens","status":"publish","type":"post","link":"http:\/\/www.levisurbain.ca\/?p=5079","title":{"rendered":"Rabaska maintient le contact avec les propri\u00e9taires terriens"},"content":{"rendered":"<p>Article de Pierre Duquet. Le Peuple L\u00e9vis.<\/p>\n<blockquote><p><strong>Andr\u00e9 L&rsquo;\u00e9cuyer, pr\u00e9sident de <a href=\"http:\/\/www.rabaska.net\" target=\"_blank\" rel=\"noopener noreferrer\">Rabaska<\/a>, r\u00e9fute les all\u00e9gations des opposants au projet selon lesquelles les propri\u00e9taires de r\u00e9sidences implant\u00e9es dans la zone de construction et en p\u00e9riph\u00e9rie sont laiss\u00e9s pour compte en ce moment. M. L&rsquo;\u00e9cuyer soutient au contraire qu&rsquo;il en rencontre r\u00e9guli\u00e8rement et que la politique de compensation est toujours en vigueur.<\/strong><\/p>\n<p>Andr\u00e9 L&rsquo;\u00e9cuyer rappelle d&rsquo;entr\u00e9e de jeu qu&rsquo;il est en contact constant avec les propri\u00e9taires dont les terrains et r\u00e9sidences sont situ\u00e9s dans la zone de construction que Rabaska doit acqu\u00e9rir. \u00ab Pour la plupart d&rsquo;entre eux, explique-t-il, nous avons des options d&rsquo;achat en vigueur. Pour certaines personnes qui n&rsquo;ont pas voulu prolonger ces options, nous avons proc\u00e9d\u00e9 \u00e0 l&rsquo;acquisition du terrain et de la maison. \u00bb<\/p>\n<p>D&rsquo;autre part, ceux qui habitent jusqu&rsquo;\u00e0 1,5 kilom\u00e8tre de la zone du futur site de Rabaska ne sont pas oblig\u00e9s de d\u00e9m\u00e9nager puisqu&rsquo;il s&rsquo;agit d&rsquo;un secteur reconnu s\u00e9curitaire par le <a href=\"http:\/\/www.bape.gouv.qc.ca\/\" target=\"_blank\" rel=\"noopener noreferrer\">BAPE<\/a>, souligne M. L&rsquo;\u00e9cuyer, mais s&rsquo;ils le veulent, la politique de compensation mise en place s&rsquo;applique pour eux. Il ajoute que certains s&rsquo;en sont pr\u00e9valus et que d&rsquo;autres peuvent le faire en tout temps.<!--more--><\/p>\n<p><a name=\"more\"><\/a><\/p>\n<p>\u00ab\u00a0Les opposants au projet ont r\u00e9cemment pr\u00e9tendu qu&rsquo;on ne r\u00e9pondait plus aux demandes, mais c&rsquo;est absolument faux, r\u00e9torque M. L&rsquo;\u00e9cuyer, on a rencontr\u00e9 plusieurs personnes et je suis fr\u00e9quemment pr\u00e9sent \u00e0 notre bureau de L\u00e9vis pour les recevoir. \u00bb Par ailleurs, rappelons que les promoteurs du projet Rabaska versent actuellement 150 000$ annuellement \u00e0 la Ville de L\u00e9vis en attendant que les travaux s&rsquo;entament.<\/p>\n<p><b>Requ\u00eate rejet\u00e9e<\/b><br \/>\nSoulignons enfin qu&rsquo;une requ\u00eate visant \u00e0 invalider un d\u00e9cret du gouvernement du Qu\u00e9bec qui a soustrait le projet Rabaska \u00e0 l&rsquo;autorit\u00e9 de la <a href=\"http:\/\/www.cptaq.gouv.qc.ca\/\" target=\"_blank\" rel=\"noopener noreferrer\">Commission de protection du territoire agricole du Qu\u00e9bec<\/a> (CPTAQ) a \u00e9t\u00e9 r\u00e9cemment invalid\u00e9e par un tribunal. Elle avait \u00e9t\u00e9 d\u00e9pos\u00e9e par l&rsquo;Union des producteurs agricoles ainsi que par Carl Savard, r\u00e9sidant de L\u00e9vis. La CPTAQ consid\u00e9rait que les installations de Rabaska porteraient atteinte \u00e0 la vocation agricole de terres de 500 hectares.<\/p><\/blockquote>\n<p><img decoding=\"async\" src=\"http:\/\/www.levisurbain.ca\/images\/journal_peuple.jpg\" border=\"0\" \/><br \/>\nReproduit avec autorisation.<\/p>\n","protected":false},"excerpt":{"rendered":"<p>Article de Pierre Duquet. Le Peuple L\u00e9vis. Andr\u00e9 L&rsquo;\u00e9cuyer, pr\u00e9sident de Rabaska, r\u00e9fute les all\u00e9gations des opposants au projet selon lesquelles les propri\u00e9taires de r\u00e9sidences implant\u00e9es dans la zone de construction et en p\u00e9riph\u00e9rie sont laiss\u00e9s pour compte en ce moment. M. L&rsquo;\u00e9cuyer soutient au contraire qu&rsquo;il en rencontre r\u00e9guli\u00e8rement et que la politique de\u2026 <span class=\"read-more\"><a href=\"http:\/\/www.levisurbain.ca\/?p=5079\">Lire la suite &raquo;<\/a><\/span><\/p>\n","protected":false},"author":5,"featured_media":0,"comment_status":"open","ping_status":"open","sticky":false,"template":"","format":"standard","meta":{"footnotes":""},"categories":[71,74,60],"tags":[79],"class_list":["post-5079","post","type-post","status-publish","format-standard","hentry","category-environnement","category-industriel","category-transports","tag-port-methanier"],"_links":{"self":[{"href":"http:\/\/www.levisurbain.ca\/index.php?rest_route=\/wp\/v2\/posts\/5079","targetHints":{"allow":["GET"]}}],"collection":[{"href":"http:\/\/www.levisurbain.ca\/index.php?rest_route=\/wp\/v2\/posts"}],"about":[{"href":"http:\/\/www.levisurbain.ca\/index.php?rest_route=\/wp\/v2\/types\/post"}],"author":[{"embeddable":true,"href":"http:\/\/www.levisurbain.ca\/index.php?rest_route=\/wp\/v2\/users\/5"}],"replies":[{"embeddable":true,"href":"http:\/\/www.levisurbain.ca\/index.php?rest_route=%2Fwp%2Fv2%2Fcomments&post=5079"}],"version-history":[{"count":0,"href":"http:\/\/www.levisurbain.ca\/index.php?rest_route=\/wp\/v2\/posts\/5079\/revisions"}],"wp:attachment":[{"href":"http:\/\/www.levisurbain.ca\/index.php?rest_route=%2Fwp%2Fv2%2Fmedia&parent=5079"}],"wp:term":[{"taxonomy":"category","embeddable":true,"href":"http:\/\/www.levisurbain.ca\/index.php?rest_route=%2Fwp%2Fv2%2Fcategories&post=5079"},{"taxonomy":"post_tag","embeddable":true,"href":"http:\/\/www.levisurbain.ca\/index.php?rest_route=%2Fwp%2Fv2%2Ftags&post=5079"}],"curies":[{"name":"wp","href":"https:\/\/api.w.org\/{rel}","templated":true}]}}