{"id":5072,"date":"2009-01-15T07:21:15","date_gmt":"2009-01-15T12:21:15","guid":{"rendered":"http:\/\/www.levisurbain.ca\/?p=5072"},"modified":"2020-08-04T16:19:26","modified_gmt":"2020-08-04T20:19:26","slug":"changement-de-presidence-a-la-s-h-r-l","status":"publish","type":"post","link":"http:\/\/www.levisurbain.ca\/?p=5072","title":{"rendered":"Changement de pr\u00e9sidence &agrave; la S.H.R.L."},"content":{"rendered":"<p>Source : <a href=\"http:\/\/www.shrl.qc.ca\/\" target=\"_blank\" rel=\"noopener noreferrer\">Soci\u00e9t\u00e9 d&rsquo;histoire r\u00e9gionale de L\u00e9vis<\/a>.<\/p>\n<p>La Soci\u00e9t\u00e9 d&rsquo;histoire r\u00e9gionale de L\u00e9vis annonce la nomination de M. Claude Genest au poste de pr\u00e9sident par int\u00e9rim de la S.H.R.L. Cette nomination prend effet \u00e0 la suite de la d\u00e9mission de M. \u00e9tienne V\u00e9zina effectu\u00e9e le 12 janvier dernier. M. V\u00e9zina a remis sa d\u00e9mission pour des raisons personnelles et familiales. Il souhaite d\u00e9velopper des projets personnels.<\/p>\n<p>M. Claude Genest est un historien bien connu de L\u00e9vis. Il est historien-recherchiste et conf\u00e9rencier \u00e0 la Soci\u00e9t\u00e9 historique Alphonse-Desjardins depuis 1993. M. Genest est aussi auteur de plusieurs ouvrages historiques dont \u00ab <i>Le Fort de la Martini\u00e8re : d\u00e9fenseur de Qu\u00e9bec <\/i>\u00bb, \u00ab<i> La Caisse populaire de L\u00e9vis 1900-2000<\/i> \u00bb ainsi que plusieurs articles historiques dans les diff\u00e9rentes revues du Mouvement des caisses Desjardins. Il sera pr\u00e9sident par int\u00e9rim jusqu&rsquo;en mai 2009, soit jusqu&rsquo;\u00e0 la prochaine Assembl\u00e9e g\u00e9n\u00e9rale annuelle de la S.H.R.L.<\/p>\n<p>Le conseil d&rsquo;administration lui souhaite la bienvenue et assure que la S.H.R.L continue de travailler aupr\u00e8s de la population l\u00e9visienne pour faire conna\u00eetre l&rsquo;histoire locale et d\u00e9velopper des activit\u00e9s \u00e0 la veille des c\u00e9l\u00e9brations du 150e anniversaire de la Ville de L\u00e9vis et du 375e anniversaire de la fondation de la seigneurie de Lauzon.<\/p>\n<p>De plus, la S.H.R.L. annonce la nomination de M. Yves H\u00e9bert, historien de L\u00e9vis, au poste de secr\u00e9taire du C.A.<\/p>\n","protected":false},"excerpt":{"rendered":"<p>Source : Soci\u00e9t\u00e9 d&rsquo;histoire r\u00e9gionale de L\u00e9vis. La Soci\u00e9t\u00e9 d&rsquo;histoire r\u00e9gionale de L\u00e9vis annonce la nomination de M. Claude Genest au poste de pr\u00e9sident par int\u00e9rim de la S.H.R.L. Cette nomination prend effet \u00e0 la suite de la d\u00e9mission de M. \u00e9tienne V\u00e9zina effectu\u00e9e le 12 janvier dernier. M. V\u00e9zina a remis sa d\u00e9mission pour\u2026 <span class=\"read-more\"><a href=\"http:\/\/www.levisurbain.ca\/?p=5072\">Lire la suite &raquo;<\/a><\/span><\/p>\n","protected":false},"author":5,"featured_media":0,"comment_status":"open","ping_status":"open","sticky":false,"template":"","format":"standard","meta":{"footnotes":""},"categories":[69],"tags":[],"class_list":["post-5072","post","type-post","status-publish","format-standard","hentry","category-histoire-urbaine"],"_links":{"self":[{"href":"http:\/\/www.levisurbain.ca\/index.php?rest_route=\/wp\/v2\/posts\/5072","targetHints":{"allow":["GET"]}}],"collection":[{"href":"http:\/\/www.levisurbain.ca\/index.php?rest_route=\/wp\/v2\/posts"}],"about":[{"href":"http:\/\/www.levisurbain.ca\/index.php?rest_route=\/wp\/v2\/types\/post"}],"author":[{"embeddable":true,"href":"http:\/\/www.levisurbain.ca\/index.php?rest_route=\/wp\/v2\/users\/5"}],"replies":[{"embeddable":true,"href":"http:\/\/www.levisurbain.ca\/index.php?rest_route=%2Fwp%2Fv2%2Fcomments&post=5072"}],"version-history":[{"count":0,"href":"http:\/\/www.levisurbain.ca\/index.php?rest_route=\/wp\/v2\/posts\/5072\/revisions"}],"wp:attachment":[{"href":"http:\/\/www.levisurbain.ca\/index.php?rest_route=%2Fwp%2Fv2%2Fmedia&parent=5072"}],"wp:term":[{"taxonomy":"category","embeddable":true,"href":"http:\/\/www.levisurbain.ca\/index.php?rest_route=%2Fwp%2Fv2%2Fcategories&post=5072"},{"taxonomy":"post_tag","embeddable":true,"href":"http:\/\/www.levisurbain.ca\/index.php?rest_route=%2Fwp%2Fv2%2Ftags&post=5072"}],"curies":[{"name":"wp","href":"https:\/\/api.w.org\/{rel}","templated":true}]}}