{"id":4130,"date":"2011-09-14T19:03:52","date_gmt":"2011-09-14T23:03:52","guid":{"rendered":"http:\/\/www.levisurbain.ca\/?p=4130"},"modified":"2019-08-11T16:19:24","modified_gmt":"2019-08-11T20:19:24","slug":"projet-de-centre-de-compostage-a-levis-des-inquietudes-au-dela-des-questions-dodeurs","status":"publish","type":"post","link":"http:\/\/www.levisurbain.ca\/?p=4130","title":{"rendered":"Projet de centre de compostage \u00e0 L\u00e9vis : des inqui\u00e8tudes au-del\u00e0 des questions d&rsquo;odeurs"},"content":{"rendered":"<p>Article de \u00c9rick Labb&eacute;. <a href=\"http:\/\/www.lesoleil.com\" target=\"_blank\" rel=\"noopener noreferrer\">Le Soleil<\/a>.<br \/>\nReproduit avec autorisation au moment de la publication.<\/p>\n<blockquote><p><strong>La<\/strong> <a href=\"http:\/\/www.ville.levis.qc.ca\" target=\"_blank\" rel=\"noopener noreferrer\">Ville de L&eacute;vis<\/a> <strong>a pr&eacute;sent&eacute; hier son projet de centre de compostage et s&rsquo;attendait &agrave; rencontrer des objections li&eacute;es aux odeurs. Ce sont bien des citoyens inquiets qui se sont pr&eacute;sent&eacute;s &agrave; la rencontre d&rsquo;information, mais pour tout sauf des questions d&rsquo;odeurs.<\/strong><\/p>\n<p>Le camionnage, les d&eacute;versements d&rsquo;eaux contamin&eacute;es, la perte de valeur des maisons et des chalets situ&eacute;s &agrave; proximit&eacute;, la capacit&eacute; d&rsquo;&eacute;couler le compost accumul&eacute;. Telles &eacute;taient les pr&eacute;occupations des citoyens de Saint-&eacute;tienne-de-Lauzon et de Saint-Lambert qui se sont pr&eacute;sent&eacute;s au micro hier, lors de cette assembl&eacute;e d&rsquo;information &agrave; laquelle avaient &eacute;t&eacute; invit&eacute;s seulement les gens demeurant dans un rayon de 2 km du futur centre de compostage.<\/p>\n<p>Celui-ci sera situ&eacute; tout juste &agrave; l&rsquo;ouest du terrain d&rsquo;enfouissement de Saint-Lambert, du c&ocirc;t&eacute; de Saint-&eacute;tienne, a r&eacute;v&eacute;l&eacute; le chef du Service de gestion des mati&egrave;res r&eacute;siduelles de L&eacute;vis, Christian Par&eacute;. Sur une superficie de quatre hectares, il pourra accueillir 20 000 tonnes de mati&egrave;res compostables compos&eacute;es de r&eacute;sidus verts et de r&eacute;sidus de cuisine.<\/p>\n<p>L&#8217;emplacement a &eacute;t&eacute; choisi pour sa proximit&eacute; du terrain d&rsquo;enfouissement et pour le fait qu&rsquo;il se trouvait &agrave; plus d&rsquo;un kilom&egrave;tre des habitations, a sp&eacute;cifi&eacute; M. Par&eacute;, qui a par ailleurs &eacute;t&eacute; forc&eacute; de d&eacute;fendre le choix de l&#8217;emplacement devant un citoyen, Gilbert Morin, qui accusait la Ville de n&rsquo;avoir pas analys&eacute; d&rsquo;autres possibilit&eacute;s.<!--more--><\/p>\n<p><a name=\"more\"><\/a><\/p>\n<p>Une consultante de la firme Solinov engag&eacute;e par L&eacute;vis, Fran\u00e7oise Forcier, est venue expliquer qu&rsquo;on utilisera un proc&eacute;d&eacute; de compostage par andains, c&rsquo;est-&agrave;-dire par longs entassements en forme de trap&egrave;ze qui seront retourn&eacute;s r&eacute;guli&egrave;rement pour favoriser la d&eacute;composition des mati&egrave;res. Un proc&eacute;d&eacute; qui assure un compost de qualit&eacute; et qui g&eacute;n&egrave;re peu d&rsquo;odeurs, a indiqu&eacute; Mme Forcier. La Ville doit d&rsquo;ailleurs se doter d&rsquo;un m&eacute;canisme de gestion des odeurs et d&rsquo;un plan d&rsquo;attaque en cas de probl&egrave;me. Un comit&eacute; de vigilance sera mis sur pied.<\/p>\n<p>Les eaux de ruissellement seront recueillies et trait&eacute;es &agrave; l&rsquo;usine Desjardins. Plusieurs citoyens se sont inqui&eacute;t&eacute;s des possibles d&eacute;bordements en cas de pluie abondante, mais M. Par&eacute; a assur&eacute; que des bassins de r&eacute;tention seront con\u00e7us en cons&eacute;quence.<\/p>\n<p><strong>Camionnage<\/strong><br \/>\nBeno&icirc;t Blanchet, r&eacute;sidant de la route Saint-Andr&eacute;, a dit craindre pour l&rsquo;augmentation du camionnage sur la route \u00ab d&eacute;j&agrave; satur&eacute;e de camions \u00bb. Il n&rsquo;a pas &eacute;t&eacute; rassur&eacute; par M. Par&eacute;, qui a affirm&eacute; que la nouvelle installation occasionnerait 20 allers-retours additionnels par jour, parfois plus &agrave; l&rsquo;automne.<\/p>\n<p>\u00ab Aurez-vous assez de demande en compost pour vider le site ? \u00bb a relanc&eacute; M. Blanchet. La Ville le croit et pr&eacute;voit s&rsquo;en servir dans ses propres parcs et espaces verts et en &eacute;couler une grande partie aupr&egrave;s de ses citoyens et aussi aupr&egrave;s des agriculteurs, lui a-t-on r&eacute;pondu.<\/p>\n<p>Cl&eacute;ment Lamontagne s&rsquo;est quant &agrave; lui inqui&eacute;t&eacute; de la perte de valeur de sa propri&eacute;t&eacute;, une r&eacute;sidence temporaire situ&eacute;e &agrave; 100 m&egrave;tres du futur centre. Puisque le terrain d&rsquo;enfouissement est l&agrave; depuis 20 ans, la valeur des r&eacute;sidences ne sera pas touch&eacute;e par l&rsquo;ajout d&rsquo;un lieu de compostage &agrave; proximit&eacute;, a soutenu Christian Par&eacute;.<\/p>\n<p>Il en co&ucirc;tera entre 8 et 10 millions $ pour b&acirc;tir l&rsquo;infrastructure, mais la Ville esp&egrave;re obtenir des subventions du minist&egrave;re de l&rsquo;Environnement &agrave; hauteur de 40 % du co&ucirc;t du projet. Pour le moment, les terrains convoit&eacute;s sont r&eacute;serv&eacute;s par la Ville, qui a deux ans pour proc&eacute;der &agrave; des expropriations si n&eacute;cessaire. Le centre devrait entrer en op&eacute;ration en 2013.<\/p><\/blockquote>\n<p><a href=\"http:\/\/www.lesoleil.com\" target=\"_blank\" rel=\"noopener noreferrer\"><img decoding=\"async\" src=\"http:\/\/www.levisurbain.ca\/images\/lesoleil.gif\" alt=\"\" border=\"0\" \/><\/a><br \/>\nReproduit avec autorisation au moment de la publication.<\/p>\n","protected":false},"excerpt":{"rendered":"<p>Article de \u00c9rick Labb&eacute;. Le Soleil. Reproduit avec autorisation au moment de la publication. La Ville de L&eacute;vis a pr&eacute;sent&eacute; hier son projet de centre de compostage et s&rsquo;attendait &agrave; rencontrer des objections li&eacute;es aux odeurs. Ce sont bien des citoyens inquiets qui se sont pr&eacute;sent&eacute;s &agrave; la rencontre d&rsquo;information, mais pour tout sauf des\u2026 <span class=\"read-more\"><a href=\"http:\/\/www.levisurbain.ca\/?p=4130\">Lire la suite &raquo;<\/a><\/span><\/p>\n","protected":false},"author":5,"featured_media":0,"comment_status":"open","ping_status":"open","sticky":false,"template":"","format":"standard","meta":{"footnotes":""},"categories":[71,65],"tags":[],"class_list":["post-4130","post","type-post","status-publish","format-standard","hentry","category-environnement","category-gouvernement"],"_links":{"self":[{"href":"http:\/\/www.levisurbain.ca\/index.php?rest_route=\/wp\/v2\/posts\/4130","targetHints":{"allow":["GET"]}}],"collection":[{"href":"http:\/\/www.levisurbain.ca\/index.php?rest_route=\/wp\/v2\/posts"}],"about":[{"href":"http:\/\/www.levisurbain.ca\/index.php?rest_route=\/wp\/v2\/types\/post"}],"author":[{"embeddable":true,"href":"http:\/\/www.levisurbain.ca\/index.php?rest_route=\/wp\/v2\/users\/5"}],"replies":[{"embeddable":true,"href":"http:\/\/www.levisurbain.ca\/index.php?rest_route=%2Fwp%2Fv2%2Fcomments&post=4130"}],"version-history":[{"count":0,"href":"http:\/\/www.levisurbain.ca\/index.php?rest_route=\/wp\/v2\/posts\/4130\/revisions"}],"wp:attachment":[{"href":"http:\/\/www.levisurbain.ca\/index.php?rest_route=%2Fwp%2Fv2%2Fmedia&parent=4130"}],"wp:term":[{"taxonomy":"category","embeddable":true,"href":"http:\/\/www.levisurbain.ca\/index.php?rest_route=%2Fwp%2Fv2%2Fcategories&post=4130"},{"taxonomy":"post_tag","embeddable":true,"href":"http:\/\/www.levisurbain.ca\/index.php?rest_route=%2Fwp%2Fv2%2Ftags&post=4130"}],"curies":[{"name":"wp","href":"https:\/\/api.w.org\/{rel}","templated":true}]}}