{"id":4111,"date":"2011-08-31T16:30:54","date_gmt":"2011-08-31T20:30:54","guid":{"rendered":"http:\/\/www.levisurbain.ca\/?p=4111"},"modified":"2019-08-11T14:49:22","modified_gmt":"2019-08-11T18:49:22","slug":"voie-reservee-bonifiee-a-levis","status":"publish","type":"post","link":"http:\/\/www.levisurbain.ca\/?p=4111","title":{"rendered":"Voie r\u00e9serv\u00e9e bonifi\u00e9e \u00e0 L\u00e9vis"},"content":{"rendered":"<p>Article de Annie Morin. <a href=\"http:\/\/www.lesoleil.com\" target=\"_blank\" rel=\"noopener noreferrer\">Le Soleil<\/a>.<br \/>\nReproduit avec autorisation au moment de la publication.<\/p>\n<blockquote><p><img loading=\"lazy\" decoding=\"async\" src=\"http:\/\/www.levisurbain.ca\/images\/lesoleil_310811.jpg\" alt=\"\" width=\"579\" height=\"376\" \/><\/p>\n<p><strong>La voie r&eacute;serv&eacute;e au transport collectif sur la route du Pont (116), &agrave; Saint-Nicolas, est prolong&eacute;e dans une direction et dupliqu&eacute;e dans l&rsquo;autre, afin d&rsquo;accommoder le nouveau parcours &agrave; haute fr&eacute;quence L&eacute;visien.<\/strong><\/p>\n<p>Transports Qu&eacute;bec a annonc&eacute; mardi les changements, qui sont en vigueur imm&eacute;diatement. La voie r&eacute;serv&eacute;e qui longe la route du Pont en direction est, soit dans le sens du trafic matinal, d&eacute;bute ainsi &agrave; la hauteur de la rue Plante, pr&egrave;s de l&rsquo;autoroute 20, plut&ocirc;t qu&rsquo;&agrave; la rue de l&rsquo;Aquif&egrave;re. \u00abComme par le pass&eacute;, la voie r&eacute;serv&eacute;e sera accessible aux autobus et au covoiturage de trois personnes ou plus\u00bb, est-il pr&eacute;cis&eacute;.<\/p>\n<p>En direction ouest, donc vers Saint-R&eacute;dempteur, une nouvelle voie r&eacute;serv&eacute;e est am&eacute;nag&eacute;e &agrave; m&ecirc;me l&rsquo;espace r&eacute;siduel de la chauss&eacute;e actuelle. Elle s&rsquo;&eacute;tend de la route 132 jusqu&rsquo;&agrave; la rue Plante et est accessible exclusivement aux autobus de la Soci&eacute;t&eacute; de transport de L&eacute;vis (STL&eacute;vis). \u00ab C&rsquo;est une question de s&eacute;curit&eacute; \u00bb, justifie Fabien Bilodeau, porte-parole du minist&egrave;re des Transports pour la r&eacute;gion de la Chaudi&egrave;re-Appalaches. Il y a en effet davantage de rues passantes qui aboutissent sur la route du Pont dans cette direction, ce qui augmente les risques de collision.<\/p>\n<p><strong>L&eacute;visien 1&#8230;<\/strong><br \/>\nLa Ville de L&eacute;vis et son transporteur public ont r&eacute;clam&eacute; ces changements, qui faciliteront le d&eacute;placement et le respect des horaires du L&eacute;visien 1, le nouveau parcours &agrave; haute fr&eacute;quence qui relie le secteur de Saint-&eacute;tienne au centre-ville de L&eacute;vis.<!--more--><\/p>\n<p><a name=\"more\"><\/a><\/p>\n<p><strong>&#8230;et L&eacute;visien 3<\/strong><br \/>\nL&rsquo;an prochain, le L&eacute;visien 3 fera aussi le plein d&rsquo;usagers dans l&rsquo;ouest avant de prendre la direction de l&rsquo;Universit&eacute; Laval. Calqu&eacute; sur le mod&egrave;le du M&eacute;trobus, le L&eacute;visien fait partie des solutions imagin&eacute;es par la STL&eacute;vis pour am&eacute;liorer l&rsquo;offre de transport en commun sur la Rive-Sud.<\/p>\n<p>Dans les prochaines ann&eacute;es, Transports Qu&eacute;bec pr&eacute;voit r&eacute;am&eacute;nager compl&egrave;tement la route 116, art&egrave;re n&eacute;vralgique et souvent congestionn&eacute;e qui aboutit &agrave; la 132 et au pont de Qu&eacute;bec d&rsquo;un c&ocirc;t&eacute; et &agrave; l&rsquo;autoroute 20 et au pont Pierre-Laporte de l&rsquo;autre.<\/p>\n<p>Le projet d&eacute;voil&eacute; au printemps propose d&rsquo;augmenter &agrave; quatre le nombre de voies pour les automobiles et &agrave; deux les voies r&eacute;serv&eacute;es pour les autobus &agrave; l&rsquo;int&eacute;rieur de l&#8217;emprise existante. Ces derni&egrave;res seraient situ&eacute;es au centre de la chauss&eacute;e entre la rue Plante et la route Marie-Victorin, puis sur les c&ocirc;t&eacute;s pour le reste du parcours.<\/p><\/blockquote>\n<p><a href=\"http:\/\/www.lesoleil.com\" target=\"_blank\" rel=\"noopener noreferrer\"><img decoding=\"async\" src=\"http:\/\/www.levisurbain.ca\/images\/lesoleil.gif\" alt=\"\" border=\"0\" \/><\/a><br \/>\nReproduit avec autorisation au moment de la publication.<\/p>\n","protected":false},"excerpt":{"rendered":"<p>Article de Annie Morin. Le Soleil. Reproduit avec autorisation au moment de la publication. La voie r&eacute;serv&eacute;e au transport collectif sur la route du Pont (116), &agrave; Saint-Nicolas, est prolong&eacute;e dans une direction et dupliqu&eacute;e dans l&rsquo;autre, afin d&rsquo;accommoder le nouveau parcours &agrave; haute fr&eacute;quence L&eacute;visien. Transports Qu&eacute;bec a annonc&eacute; mardi les changements, qui sont\u2026 <span class=\"read-more\"><a href=\"http:\/\/www.levisurbain.ca\/?p=4111\">Lire la suite &raquo;<\/a><\/span><\/p>\n","protected":false},"author":1,"featured_media":0,"comment_status":"open","ping_status":"open","sticky":false,"template":"","format":"standard","meta":{"footnotes":""},"categories":[65,60],"tags":[64],"class_list":["post-4111","post","type-post","status-publish","format-standard","hentry","category-gouvernement","category-transports","tag-stlevis"],"_links":{"self":[{"href":"http:\/\/www.levisurbain.ca\/index.php?rest_route=\/wp\/v2\/posts\/4111","targetHints":{"allow":["GET"]}}],"collection":[{"href":"http:\/\/www.levisurbain.ca\/index.php?rest_route=\/wp\/v2\/posts"}],"about":[{"href":"http:\/\/www.levisurbain.ca\/index.php?rest_route=\/wp\/v2\/types\/post"}],"author":[{"embeddable":true,"href":"http:\/\/www.levisurbain.ca\/index.php?rest_route=\/wp\/v2\/users\/1"}],"replies":[{"embeddable":true,"href":"http:\/\/www.levisurbain.ca\/index.php?rest_route=%2Fwp%2Fv2%2Fcomments&post=4111"}],"version-history":[{"count":0,"href":"http:\/\/www.levisurbain.ca\/index.php?rest_route=\/wp\/v2\/posts\/4111\/revisions"}],"wp:attachment":[{"href":"http:\/\/www.levisurbain.ca\/index.php?rest_route=%2Fwp%2Fv2%2Fmedia&parent=4111"}],"wp:term":[{"taxonomy":"category","embeddable":true,"href":"http:\/\/www.levisurbain.ca\/index.php?rest_route=%2Fwp%2Fv2%2Fcategories&post=4111"},{"taxonomy":"post_tag","embeddable":true,"href":"http:\/\/www.levisurbain.ca\/index.php?rest_route=%2Fwp%2Fv2%2Ftags&post=4111"}],"curies":[{"name":"wp","href":"https:\/\/api.w.org\/{rel}","templated":true}]}}