{"id":4100,"date":"2011-08-28T15:01:18","date_gmt":"2011-08-28T19:01:18","guid":{"rendered":"http:\/\/www.levisurbain.ca\/?p=4100"},"modified":"2021-08-09T19:40:24","modified_gmt":"2021-08-09T23:40:24","slug":"un-premier-cafe-bistro-van-houtte-a-levis","status":"publish","type":"post","link":"http:\/\/www.levisurbain.ca\/?p=4100","title":{"rendered":"Un premier caf\u00e9-bistro Van Houtte \u00e0 L\u00e9vis"},"content":{"rendered":"<p>Article de Pierre Duquet. Le Peuple L&eacute;vis.<\/p>\n<blockquote><p><strong>L&eacute;vis compte maintenant son premier caf&eacute;-bistro Van Houtte. Situ&eacute; dans le quartier Misc&eacute;o, devant le Centre de congr&egrave;s et d&rsquo;expositions de L&eacute;vis, le nouvel &eacute;tablissement a &eacute;t&eacute; inaugur&eacute; le 16 ao&ucirc;t dernier.<\/strong><\/p>\n<p>Lors de l&rsquo;ouverture officielle, Fran\u00e7ois de l&rsquo;&eacute;toile, directeur g&eacute;n&eacute;ral des caf&eacute;s-bistros, a expliqu&eacute; que Van Houtte avait un peu n&eacute;glig&eacute; le d&eacute;veloppement de cette division au cours des derni&egrave;res ann&eacute;es. L&rsquo;entreprise a donc d&eacute;cid&eacute; d&rsquo;en accro&icirc;tre le nombre d&rsquo;ici les cinq prochaines ann&eacute;es en proc&eacute;dant &agrave; l&rsquo;ouverture d&rsquo;une soixantaine d&rsquo;autres caf&eacute;s-bistros au Qu&eacute;bec pour en porter le nombre &agrave; 110.<\/p>\n<p>Actuellement, sur la rive droite du Saint-Laurent, le nouvel &eacute;tablissement de L&eacute;vis est le dernier apr&egrave;s Drummondville. Bernard Poitras, qui a acquis la franchise de L&eacute;vis, envisage d&eacute;j&agrave; d&rsquo;en ouvrir un second sur le territoire. M. Bernard est aussi propri&eacute;taire de Plastique Micron de Sainte-Claire.<\/p>\n<p>\u00ab Je suis tomb&eacute; amoureux avec les caf&eacute;s-bistros, a-t-il lanc&eacute; lors de la rencontre de presse. En premier, j&rsquo;ai regard&eacute; o&ugrave; je pourrais me localiser &agrave; L&eacute;vis et j&rsquo;ai choisi le quartier Misc&eacute;o. \u00bb<\/p>\n<p><strong>Investissement de 650 000$<\/strong><br \/>\nLe nouvel &eacute;tablissement am&eacute;nag&eacute; au co&ucirc;t de 650 000$ compte 80 places &agrave; l&rsquo;int&eacute;rieur et une terrasse pouvant accueillir 60 personnes. Le caf&eacute;-bistro est &eacute;galement dot&eacute; d&rsquo;une section boutique o&ugrave; l&rsquo;on trouve plusieurs vari&eacute;t&eacute;s de caf&eacute;s, dont les godets K-Cup et les cafeti&egrave;res pour les utiliser.<\/p>\n<p>L&rsquo;&eacute;tablissement propose des repas l&eacute;gers, des p&acirc;tisseries et des produits locaux. Un lien Internet gratuit est aussi accessible. Le caf&eacute;-bistro est ouvert tous les jours de 7 h &agrave; 21h. L&rsquo;heure de fermeture peut toutefois &ecirc;tre prolong&eacute;e lors d&rsquo;&eacute;v&eacute;nements importants au Centre de congr&egrave;s. Le caf&eacute;-bistro procure de l&#8217;emploi &agrave; vingt personnes, dont quinze, &agrave; temps partiel.<\/p><\/blockquote>\n<p><img decoding=\"async\" src=\"http:\/\/www.levisurbain.ca\/images\/peuple_levis.gif\" alt=\"\" border=\"0\" \/><br \/>\nReproduit avec autorisation.<\/p>\n","protected":false},"excerpt":{"rendered":"<p>Article de Pierre Duquet. Le Peuple L&eacute;vis. L&eacute;vis compte maintenant son premier caf&eacute;-bistro Van Houtte. Situ&eacute; dans le quartier Misc&eacute;o, devant le Centre de congr&egrave;s et d&rsquo;expositions de L&eacute;vis, le nouvel &eacute;tablissement a &eacute;t&eacute; inaugur&eacute; le 16 ao&ucirc;t dernier. Lors de l&rsquo;ouverture officielle, Fran\u00e7ois de l&rsquo;&eacute;toile, directeur g&eacute;n&eacute;ral des caf&eacute;s-bistros, a expliqu&eacute; que Van Houtte\u2026 <span class=\"read-more\"><a href=\"http:\/\/www.levisurbain.ca\/?p=4100\">Lire la suite &raquo;<\/a><\/span><\/p>\n","protected":false},"author":5,"featured_media":0,"comment_status":"open","ping_status":"open","sticky":false,"template":"","format":"standard","meta":{"footnotes":""},"categories":[58],"tags":[],"class_list":["post-4100","post","type-post","status-publish","format-standard","hentry","category-commerce-economie"],"_links":{"self":[{"href":"http:\/\/www.levisurbain.ca\/index.php?rest_route=\/wp\/v2\/posts\/4100","targetHints":{"allow":["GET"]}}],"collection":[{"href":"http:\/\/www.levisurbain.ca\/index.php?rest_route=\/wp\/v2\/posts"}],"about":[{"href":"http:\/\/www.levisurbain.ca\/index.php?rest_route=\/wp\/v2\/types\/post"}],"author":[{"embeddable":true,"href":"http:\/\/www.levisurbain.ca\/index.php?rest_route=\/wp\/v2\/users\/5"}],"replies":[{"embeddable":true,"href":"http:\/\/www.levisurbain.ca\/index.php?rest_route=%2Fwp%2Fv2%2Fcomments&post=4100"}],"version-history":[{"count":0,"href":"http:\/\/www.levisurbain.ca\/index.php?rest_route=\/wp\/v2\/posts\/4100\/revisions"}],"wp:attachment":[{"href":"http:\/\/www.levisurbain.ca\/index.php?rest_route=%2Fwp%2Fv2%2Fmedia&parent=4100"}],"wp:term":[{"taxonomy":"category","embeddable":true,"href":"http:\/\/www.levisurbain.ca\/index.php?rest_route=%2Fwp%2Fv2%2Fcategories&post=4100"},{"taxonomy":"post_tag","embeddable":true,"href":"http:\/\/www.levisurbain.ca\/index.php?rest_route=%2Fwp%2Fv2%2Ftags&post=4100"}],"curies":[{"name":"wp","href":"https:\/\/api.w.org\/{rel}","templated":true}]}}