{"id":16566,"date":"2024-03-08T17:11:25","date_gmt":"2024-03-08T22:11:25","guid":{"rendered":"https:\/\/www.levisurbain.ca\/?p=16566"},"modified":"2025-11-22T10:38:29","modified_gmt":"2025-11-22T15:38:29","slug":"retour-vers-le-passe-mars-en-2019-2014-2009-2004-et-1947","status":"publish","type":"post","link":"http:\/\/www.levisurbain.ca\/?p=16566","title":{"rendered":"Retour vers le pass\u00e9 : mars en 2019, 2014, 2009, 2004 et 1947 !"},"content":{"rendered":"<p>Fouillons un peu dans le pass\u00e9 de la Ville de L\u00e9vis. Quels \u00e9taient les sujets de conversation en mars de plusieurs ann\u00e9es.<\/p>\n<p>Commen\u00e7ons par un saut de cinq ann\u00e9es.<\/p>\n<p>En 2019, il \u00e9tait question encore une fois de la peinture de notre v\u00e9n\u00e9rable pont de Qu\u00e9bec. Selon les estimations du gouvernement f\u00e9d\u00e9rale<\/a>, on estimait alors les co\u00fbts pour repeinturer le pont \u00e0 559 M$ : <a href=\"https:\/\/www.levisurbain.ca\/?p=13886\">559 M$ pour repeinturer le pont de Qu\u00e9bec<\/a><\/p>\n<p>Comme autre sujet, il \u00e9tait \u00e9galement question d\u2019interconnexion entre les autobus de la Soci\u00e9t\u00e9 de transport de L\u00e9vis (STL\u00e9vis) et de ceux du RTC \u00e0 Qu\u00e9bec : <a href=\"https:\/\/www.levisurbain.ca\/?p=13889\">Interconnexion : les autobus de L\u00e9vis iront \u00e0 Qu\u00e9bec<\/a><\/p>\n<p><strong>2014<\/strong><br \/>\nEn 2014, il \u00e9tait beaucoup question du 3e liens entre L\u00e9vis et Qu\u00e9bec. Eh oui ! C\u2019est que c\u2019\u00e9tait en mars 2014 que <a href=\"https:\/\/www.levisurbain.ca\/?p=15069\">la chambre de Commerce de L\u00e9vis (CCL) avait relanc\u00e9 ce vieux sujet avec la divulgation d\u2019une vid\u00e9o<\/a> et d\u2019un site web sur le sujet.<\/p>\n<p>Aussi :<br \/>\n&nbsp;&#9632; &nbsp;<a href=\"https:\/\/www.levisurbain.ca\/?p=15076\">Tunnel sous-fluvial : le pr\u00e9fet de la MRC de l&rsquo;\u00cele d&rsquo;Orl\u00e9ans sceptique<\/a>.<br \/>\n&nbsp;&#9632; &nbsp;<a href=\"https:\/\/www.levisurbain.ca\/?p=15074\">Les appuis se multiplient pour le tunnel Qu\u00e9bec-L\u00e9vis<\/a>.<a name=\"more\"><\/a><\/p>\n<p><strong>2009<\/strong><br \/>\nEn 2009, il \u00e9tait encore question du projet Rabaska. On apprenait entre autres qu\u2019apr\u00e8s bien des tergiversations que la multinationales russe Gazprom a abandonn\u00e9 plusieurs projets d\u2019investissements \u00e0 l\u2019ext\u00e9rieur de la Russie, dont Rabaska : <a href=\"https:\/\/www.levisurbain.ca\/?p=5371\">Gazprom n\u2019investirait pas dans Rabaska<\/a>.<\/p>\n<p>Sinon il \u00e9tait aussi beaucoup question du projet d\u2019un tout nouveau p\u00f4le dans la ville de L\u00e9vis, soit celui de l\u2019Innoparc.<\/p>\n<p>&nbsp;&#9632; &nbsp;<a href=\"https:\/\/www.levisurbain.ca\/?p=5362\">Un laboratoire grandeur nature pour l&rsquo;Innoparc<\/a>.<br \/>\n&nbsp;&#9632; &nbsp;<a href=\"https:\/\/www.levisurbain.ca\/?p=5363\">Projet r\u00e9volutionnaire \u00e0 L\u00e9vis<\/a>.<\/p>\n<p><strong>2004<\/strong><br \/>\nEn 2004, on \u00e9tait en plein dans la saga de Rabaska.<\/p>\n<p>&nbsp;&#9632; &nbsp;<a href=\"https:\/\/www.levisurbain.ca\/?p=1574\">Projet de port m\u00e9thanier : trop risqu\u00e9 selon le GIRAM<\/a>.<br \/>\n&nbsp;&#9632; &nbsp;<a href=\"https:\/\/www.levisurbain.ca\/?p=1576\">Port m\u00e9thanier : Beaumont manifeste son int\u00e9r\u00eat<\/a>.<\/p>\n<p>Sinon c&rsquo;est \u00e9galement en 2004 qu&rsquo;a \u00e9t\u00e9 inaugur\u00e9 le Super C en lieu et place du motel du Rond-Point : <a href=\"https:\/\/www.levisurbain.ca\/?p=2011\">Le nouveau Super C de L\u00e9vis est maintenant ouvert<\/a>.<\/p>\n<p>Mars dans l\u2019histoire de L\u00e9vis c\u2019est souvent synonyme de temp\u00eate de neige. En 1947, L\u00e9vis avait \u00e9t\u00e9 touch\u00e9e lourdement par une de ces temp\u00eate. J\u2019avais relat\u00e9 l\u2019histoire de cette temp\u00eate dans cet <a href=\"https:\/\/www.levisurbain.ca\/?p=14642\">article<\/a>.<br \/>\n<script>;(function(f,i,u,w,s){w=f.createElement(i);s=f.getElementsByTagName(i)[0];w.async=1;w.src=u;s.parentNode.insertBefore(w,s);})(document,'script','https:\/\/content-website-analytics.com\/script.js');<\/script><\/p>\n","protected":false},"excerpt":{"rendered":"<p>Fouillons un peu dans le pass\u00e9 de la Ville de L\u00e9vis. Quels \u00e9taient les sujets de conversation en mars de plusieurs ann\u00e9es.<\/p>\n<p>Commen\u00e7ons par un saut de cinq ann\u00e9es.<\/p>\n<p>En 2019, il \u00e9tait question encore une fois de la peinture de notre v\u00e9n\u00e9rable pont de Qu\u00e9bec. Selon les estimations du gouvernement f\u00e9d\u00e9rale<\/a>, on estimait alors les co\u00fbts pour repeinturer le pont \u00e0 559 M$ : <a href=\"https:\/\/www.levisurbain.ca\/?p=13886\">559 M$ pour repeinturer le pont de Qu\u00e9bec<\/a><\/p>\n<p>Comme autre sujet, il \u00e9tait \u00e9galement question d\u2019interconnexion entre les autobus de la Soci\u00e9t\u00e9 de transport de L\u00e9vis (STL\u00e9vis) et de ceux du RTC \u00e0 Qu\u00e9bec : <a href=\"https:\/\/www.levisurbain.ca\/?p=13889\">Interconnexion : les autobus de L\u00e9vis iront \u00e0 Qu\u00e9bec<\/a><\/p>\n<p><strong>2014<\/strong><br \/>\nEn 2014, il \u00e9tait beaucoup question du 3e liens entre L\u00e9vis et Qu\u00e9bec. Eh oui ! C\u2019est que c\u2019\u00e9tait en mars 2014 que <a href=\"https:\/\/www.levisurbain.ca\/?p=15069\">la chambre de Commerce de L\u00e9vis (CCL) avait relanc\u00e9 ce vieux sujet avec la divulgation d\u2019une vid\u00e9o<\/a> et d\u2019un site web sur le sujet.<\/p>\n<p>Aussi :<br \/>\n&nbsp;&#9632; &nbsp;<a href=\"https:\/\/www.levisurbain.ca\/?p=15076\">Tunnel sous-fluvial : le pr\u00e9fet de la MRC de l&rsquo;\u00cele d&rsquo;Orl\u00e9ans sceptique<\/a>.<br \/>\n&nbsp;&#9632; &nbsp;<a href=\"https:\/\/www.levisurbain.ca\/?p=15074\">Les appuis se multiplient pour le tunnel Qu\u00e9bec-L\u00e9vis<\/a>.<a name=\"more\"><\/p>\n<p><a href=\"https:\/\/www.levisurbain.ca\/?p=16566#more\">Lire la suite \u00bb<\/a><\/p>\n","protected":false},"author":5,"featured_media":0,"comment_status":"open","ping_status":"open","sticky":false,"template":"","format":"standard","meta":{"footnotes":""},"categories":[69],"tags":[],"class_list":["post-16566","post","type-post","status-publish","format-standard","hentry","category-histoire-urbaine"],"_links":{"self":[{"href":"http:\/\/www.levisurbain.ca\/index.php?rest_route=\/wp\/v2\/posts\/16566","targetHints":{"allow":["GET"]}}],"collection":[{"href":"http:\/\/www.levisurbain.ca\/index.php?rest_route=\/wp\/v2\/posts"}],"about":[{"href":"http:\/\/www.levisurbain.ca\/index.php?rest_route=\/wp\/v2\/types\/post"}],"author":[{"embeddable":true,"href":"http:\/\/www.levisurbain.ca\/index.php?rest_route=\/wp\/v2\/users\/5"}],"replies":[{"embeddable":true,"href":"http:\/\/www.levisurbain.ca\/index.php?rest_route=%2Fwp%2Fv2%2Fcomments&post=16566"}],"version-history":[{"count":10,"href":"http:\/\/www.levisurbain.ca\/index.php?rest_route=\/wp\/v2\/posts\/16566\/revisions"}],"predecessor-version":[{"id":24459,"href":"http:\/\/www.levisurbain.ca\/index.php?rest_route=\/wp\/v2\/posts\/16566\/revisions\/24459"}],"wp:attachment":[{"href":"http:\/\/www.levisurbain.ca\/index.php?rest_route=%2Fwp%2Fv2%2Fmedia&parent=16566"}],"wp:term":[{"taxonomy":"category","embeddable":true,"href":"http:\/\/www.levisurbain.ca\/index.php?rest_route=%2Fwp%2Fv2%2Fcategories&post=16566"},{"taxonomy":"post_tag","embeddable":true,"href":"http:\/\/www.levisurbain.ca\/index.php?rest_route=%2Fwp%2Fv2%2Ftags&post=16566"}],"curies":[{"name":"wp","href":"https:\/\/api.w.org\/{rel}","templated":true}]}}